{"id":11117,"date":"2024-11-29T09:42:47","date_gmt":"2024-11-29T12:42:47","guid":{"rendered":"https:\/\/www.destinoangradoce.com.br\/web\/?p=11117"},"modified":"2024-11-29T09:51:57","modified_gmt":"2024-11-29T12:51:57","slug":"ponte-pensil-alves-lima-um-dos-tesouros-da-regiao-de-angra-doce","status":"publish","type":"post","link":"https:\/\/www.destinoangradoce.com.br\/web\/ponte-pensil-alves-lima-um-dos-tesouros-da-regiao-de-angra-doce\/","title":{"rendered":"Ponte P\u00eansil Alves Lima um dos tesouros da regi\u00e3o de Angra Doce"},"content":{"rendered":"\t\t<div data-elementor-type=\"wp-post\" data-elementor-id=\"11117\" class=\"elementor elementor-11117\" data-elementor-post-type=\"post\">\n\t\t\t\t<div class=\"elementor-element elementor-element-64531e5 e-flex e-con-boxed e-con e-parent\" data-id=\"64531e5\" data-element_type=\"container\" data-e-type=\"container\">\n\t\t\t\t\t<div class=\"e-con-inner\">\n\t\t<div class=\"elementor-element elementor-element-c06f5d8 e-flex e-con-boxed e-con e-child\" data-id=\"c06f5d8\" data-element_type=\"container\" data-e-type=\"container\">\n\t\t\t\t\t<div class=\"e-con-inner\">\n\t\t\t\t<div class=\"elementor-element elementor-element-0678dac elementor-widget elementor-widget-text-editor\" data-id=\"0678dac\" data-element_type=\"widget\" data-e-type=\"widget\" data-widget_type=\"text-editor.default\">\n\t\t\t\t<div class=\"elementor-widget-container\">\n\t\t\t\t\t\t\t\t\tInaugurada em 1920, a <a href=\"https:\/\/maps.google.com\/?daddr=-23.098233090708085, -49.743147486458966\"><i class=\"im im-icon-Map-Marker\"><\/i> Ponte P\u00eansil Alves Lima<\/a> \u00e9 mais do que uma simples estrutura que liga <a href=\"https:\/\/www.destinoangradoce.com.br\/web\/chavantes\"><i class=\"im im-icon-Newspaper\"><\/i> Chavantes (SP)<\/a> a <a href=\"https:\/\/www.destinoangradoce.com.br\/web\/ribeirao-claro\"><i class=\"im im-icon-Newspaper\"><\/i> Ribeir\u00e3o Claro (PR)<\/a> . \u00c9 um monumento vivo, um tesouro hist\u00f3rico que resiste ao tempo e nos conta a saga de um povo.\t\t\t\t\t\t\t\t<\/div>\n\t\t\t\t<\/div>\n\t\t\t\t\t<\/div>\n\t\t\t\t<\/div>\n\t\t<div class=\"elementor-element elementor-element-7e260c1 e-flex e-con-boxed e-con e-child\" data-id=\"7e260c1\" data-element_type=\"container\" data-e-type=\"container\">\n\t\t\t\t\t<div class=\"e-con-inner\">\n\t\t<div class=\"elementor-element elementor-element-0f06221 e-flex e-con-boxed e-con e-child\" data-id=\"0f06221\" data-element_type=\"container\" data-e-type=\"container\">\n\t\t\t\t\t<div class=\"e-con-inner\">\n\t\t\t\t<div class=\"elementor-element elementor-element-642b98b elementor-widget elementor-widget-heading\" data-id=\"642b98b\" data-element_type=\"widget\" data-e-type=\"widget\" data-widget_type=\"heading.default\">\n\t\t\t\t<div class=\"elementor-widget-container\">\n\t\t\t\t\t<h3 class=\"elementor-heading-title elementor-size-default\">Experi\u00eancia \u00fanica, que te transporta para outra \u00e9poca\n<\/h3>\t\t\t\t<\/div>\n\t\t\t\t<\/div>\n\t\t\t\t<div class=\"elementor-element elementor-element-820a38e e-transform elementor-widget elementor-widget-image\" data-id=\"820a38e\" data-element_type=\"widget\" data-e-type=\"widget\" data-settings=\"{&quot;_transform_scale_effect&quot;:{&quot;unit&quot;:&quot;px&quot;,&quot;size&quot;:1.2,&quot;sizes&quot;:[]},&quot;_transform_scale_effect_widescreen&quot;:{&quot;unit&quot;:&quot;px&quot;,&quot;size&quot;:&quot;&quot;,&quot;sizes&quot;:[]},&quot;_transform_scale_effect_tablet&quot;:{&quot;unit&quot;:&quot;px&quot;,&quot;size&quot;:&quot;&quot;,&quot;sizes&quot;:[]},&quot;_transform_scale_effect_mobile&quot;:{&quot;unit&quot;:&quot;px&quot;,&quot;size&quot;:&quot;&quot;,&quot;sizes&quot;:[]}}\" data-widget_type=\"image.default\">\n\t\t\t\t<div class=\"elementor-widget-container\">\n\t\t\t\t\t\t\t\t\t\t\t\t\t\t\t<img fetchpriority=\"high\" decoding=\"async\" width=\"550\" height=\"482\" src=\"https:\/\/www.destinoangradoce.com.br\/web\/wp-content\/uploads\/2024\/11\/ponte_pensil_alves-lima-4.jpg\" class=\"attachment-large size-large wp-image-11120\" alt=\"\" srcset=\"https:\/\/www.destinoangradoce.com.br\/web\/wp-content\/uploads\/2024\/11\/ponte_pensil_alves-lima-4.jpg 550w, https:\/\/www.destinoangradoce.com.br\/web\/wp-content\/uploads\/2024\/11\/ponte_pensil_alves-lima-4-300x263.jpg 300w\" sizes=\"(max-width: 550px) 100vw, 550px\" \/>\t\t\t\t\t\t\t\t\t\t\t\t\t\t\t<\/div>\n\t\t\t\t<\/div>\n\t\t\t\t\t<\/div>\n\t\t\t\t<\/div>\n\t\t\t\t<div class=\"elementor-element elementor-element-a6be83c elementor-widget elementor-widget-text-editor\" data-id=\"a6be83c\" data-element_type=\"widget\" data-e-type=\"widget\" data-widget_type=\"text-editor.default\">\n\t\t\t\t<div class=\"elementor-widget-container\">\n\t\t\t\t\t\t\t\t\tImagine-se caminhando por uma ponte de a\u00e7o e madeira, balan\u00e7ando suavemente ao sabor do vento, com a imensid\u00e3o do Rio Paranapanema aos seus p\u00e9s. Uma experi\u00eancia \u00fanica, que te transporta para outra \u00e9poca, onde a hist\u00f3ria do pa\u00eds se desenhava.\t\t\t\t\t\t\t\t<\/div>\n\t\t\t\t<\/div>\n\t\t\t\t\t<\/div>\n\t\t\t\t<\/div>\n\t\t<div class=\"elementor-element elementor-element-3494929 e-flex e-con-boxed e-con e-child\" data-id=\"3494929\" data-element_type=\"container\" data-e-type=\"container\">\n\t\t\t\t\t<div class=\"e-con-inner\">\n\t\t<div class=\"elementor-element elementor-element-d429d1f e-flex e-con-boxed e-con e-child\" data-id=\"d429d1f\" data-element_type=\"container\" data-e-type=\"container\">\n\t\t\t\t\t<div class=\"e-con-inner\">\n\t\t\t\t<div class=\"elementor-element elementor-element-d5c953a e-transform elementor-widget elementor-widget-image\" data-id=\"d5c953a\" data-element_type=\"widget\" data-e-type=\"widget\" data-settings=\"{&quot;_transform_scale_effect&quot;:{&quot;unit&quot;:&quot;px&quot;,&quot;size&quot;:1.3999999999999999,&quot;sizes&quot;:[]},&quot;_transform_scale_effect_widescreen&quot;:{&quot;unit&quot;:&quot;px&quot;,&quot;size&quot;:&quot;&quot;,&quot;sizes&quot;:[]},&quot;_transform_scale_effect_tablet&quot;:{&quot;unit&quot;:&quot;px&quot;,&quot;size&quot;:&quot;&quot;,&quot;sizes&quot;:[]},&quot;_transform_scale_effect_mobile&quot;:{&quot;unit&quot;:&quot;px&quot;,&quot;size&quot;:&quot;&quot;,&quot;sizes&quot;:[]}}\" data-widget_type=\"image.default\">\n\t\t\t\t<div class=\"elementor-widget-container\">\n\t\t\t\t\t\t\t\t\t\t\t\t\t\t\t<img decoding=\"async\" width=\"551\" height=\"550\" src=\"https:\/\/www.destinoangradoce.com.br\/web\/wp-content\/uploads\/2024\/11\/ponte_pensil_alves-lima-esq1.jpg\" class=\"attachment-large size-large wp-image-11122\" alt=\"\" srcset=\"https:\/\/www.destinoangradoce.com.br\/web\/wp-content\/uploads\/2024\/11\/ponte_pensil_alves-lima-esq1.jpg 551w, https:\/\/www.destinoangradoce.com.br\/web\/wp-content\/uploads\/2024\/11\/ponte_pensil_alves-lima-esq1-300x300.jpg 300w, https:\/\/www.destinoangradoce.com.br\/web\/wp-content\/uploads\/2024\/11\/ponte_pensil_alves-lima-esq1-150x150.jpg 150w, https:\/\/www.destinoangradoce.com.br\/web\/wp-content\/uploads\/2024\/11\/ponte_pensil_alves-lima-esq1-200x200.jpg 200w, https:\/\/www.destinoangradoce.com.br\/web\/wp-content\/uploads\/2024\/11\/ponte_pensil_alves-lima-esq1-100x100.jpg 100w, https:\/\/www.destinoangradoce.com.br\/web\/wp-content\/uploads\/2024\/11\/ponte_pensil_alves-lima-esq1-75x75.jpg 75w\" sizes=\"(max-width: 551px) 100vw, 551px\" \/>\t\t\t\t\t\t\t\t\t\t\t\t\t\t\t<\/div>\n\t\t\t\t<\/div>\n\t\t\t\t<div class=\"elementor-element elementor-element-a08d409 elementor-widget elementor-widget-heading\" data-id=\"a08d409\" data-element_type=\"widget\" data-e-type=\"widget\" data-widget_type=\"heading.default\">\n\t\t\t\t<div class=\"elementor-widget-container\">\n\t\t\t\t\t<h3 class=\"elementor-heading-title elementor-size-default\">Um marco da engenharia brasileira<\/h3>\t\t\t\t<\/div>\n\t\t\t\t<\/div>\n\t\t\t\t\t<\/div>\n\t\t\t\t<\/div>\n\t\t\t\t<div class=\"elementor-element elementor-element-b5aeb6c elementor-widget elementor-widget-text-editor\" data-id=\"b5aeb6c\" data-element_type=\"widget\" data-e-type=\"widget\" data-widget_type=\"text-editor.default\">\n\t\t\t\t<div class=\"elementor-widget-container\">\n\t\t\t\t\t\t\t\t\tConstru\u00edda em um per\u00edodo de grandes desafios, a ponte Alves Lima \u00e9 um exemplo da ousadia e do talento dos engenheiros brasileiros da \u00e9poca. Sua arquitetura \u00fanica, com cabos de a\u00e7o sustentados por torres imponentes, \u00e9 uma verdadeira obra de arte.\n\t\t\t\t\t\t\t\t<\/div>\n\t\t\t\t<\/div>\n\t\t\t\t\t<\/div>\n\t\t\t\t<\/div>\n\t\t<div class=\"elementor-element elementor-element-639a37a e-con-full e-flex e-con e-child\" data-id=\"639a37a\" data-element_type=\"container\" data-e-type=\"container\">\n\t\t<div class=\"elementor-element elementor-element-cc67287 e-flex e-con-boxed e-con e-child\" data-id=\"cc67287\" data-element_type=\"container\" data-e-type=\"container\">\n\t\t\t\t\t<div class=\"e-con-inner\">\n\t\t\t\t<div class=\"elementor-element elementor-element-64bef76 elementor-widget elementor-widget-heading\" data-id=\"64bef76\" data-element_type=\"widget\" data-e-type=\"widget\" data-widget_type=\"heading.default\">\n\t\t\t\t<div class=\"elementor-widget-container\">\n\t\t\t\t\t<h3 class=\"elementor-heading-title elementor-size-default\">Testemunha de lutas que moldaram o Brasil de hoje<\/h3>\t\t\t\t<\/div>\n\t\t\t\t<\/div>\n\t\t\t\t<div class=\"elementor-element elementor-element-5335c9a e-transform elementor-widget elementor-widget-image\" data-id=\"5335c9a\" data-element_type=\"widget\" data-e-type=\"widget\" data-settings=\"{&quot;_transform_scale_effect&quot;:{&quot;unit&quot;:&quot;px&quot;,&quot;size&quot;:1.2,&quot;sizes&quot;:[]},&quot;_transform_scale_effect_widescreen&quot;:{&quot;unit&quot;:&quot;px&quot;,&quot;size&quot;:&quot;&quot;,&quot;sizes&quot;:[]},&quot;_transform_scale_effect_tablet&quot;:{&quot;unit&quot;:&quot;px&quot;,&quot;size&quot;:&quot;&quot;,&quot;sizes&quot;:[]},&quot;_transform_scale_effect_mobile&quot;:{&quot;unit&quot;:&quot;px&quot;,&quot;size&quot;:&quot;&quot;,&quot;sizes&quot;:[]}}\" data-widget_type=\"image.default\">\n\t\t\t\t<div class=\"elementor-widget-container\">\n\t\t\t\t\t\t\t\t\t\t\t\t\t\t\t<img decoding=\"async\" width=\"551\" height=\"550\" src=\"https:\/\/www.destinoangradoce.com.br\/web\/wp-content\/uploads\/2024\/11\/ponte_pensil_alves-lima-dir1.jpg\" class=\"attachment-large size-large wp-image-11119\" alt=\"\" srcset=\"https:\/\/www.destinoangradoce.com.br\/web\/wp-content\/uploads\/2024\/11\/ponte_pensil_alves-lima-dir1.jpg 551w, https:\/\/www.destinoangradoce.com.br\/web\/wp-content\/uploads\/2024\/11\/ponte_pensil_alves-lima-dir1-300x300.jpg 300w, https:\/\/www.destinoangradoce.com.br\/web\/wp-content\/uploads\/2024\/11\/ponte_pensil_alves-lima-dir1-150x150.jpg 150w, https:\/\/www.destinoangradoce.com.br\/web\/wp-content\/uploads\/2024\/11\/ponte_pensil_alves-lima-dir1-200x200.jpg 200w, https:\/\/www.destinoangradoce.com.br\/web\/wp-content\/uploads\/2024\/11\/ponte_pensil_alves-lima-dir1-100x100.jpg 100w, https:\/\/www.destinoangradoce.com.br\/web\/wp-content\/uploads\/2024\/11\/ponte_pensil_alves-lima-dir1-75x75.jpg 75w\" sizes=\"(max-width: 551px) 100vw, 551px\" \/>\t\t\t\t\t\t\t\t\t\t\t\t\t\t\t<\/div>\n\t\t\t\t<\/div>\n\t\t\t\t\t<\/div>\n\t\t\t\t<\/div>\n\t\t\t\t<div class=\"elementor-element elementor-element-cec8678 elementor-widget elementor-widget-text-editor\" data-id=\"cec8678\" data-element_type=\"widget\" data-e-type=\"widget\" data-widget_type=\"text-editor.default\">\n\t\t\t\t<div class=\"elementor-widget-container\">\n\t\t\t\t\t\t\t\t\tA ponte  foi palco de momentos hist\u00f3ricos importantes. Durante as revolu\u00e7\u00f5es de 1924 e 1930, ela se tornou um ponto estrat\u00e9gico para as tropas, testemunhando lutas e vit\u00f3rias que moldaram o Brasil que conhecemos hoje.\t\t\t\t\t\t\t\t<\/div>\n\t\t\t\t<\/div>\n\t\t\t\t<\/div>\n\t\t<div class=\"elementor-element elementor-element-c4e5099 e-flex e-con-boxed e-con e-child\" data-id=\"c4e5099\" data-element_type=\"container\" data-e-type=\"container\">\n\t\t\t\t\t<div class=\"e-con-inner\">\n\t\t\t\t<div class=\"elementor-element elementor-element-42bac66 elementor-widget elementor-widget-heading\" data-id=\"42bac66\" data-element_type=\"widget\" data-e-type=\"widget\" data-widget_type=\"heading.default\">\n\t\t\t\t<div class=\"elementor-widget-container\">\n\t\t\t\t\t<h3 class=\"elementor-heading-title elementor-size-default\">Venha conhecer essa maravilha da engenharia brasileira e se encantar com a beleza natural de Angra Doce.<\/h3>\t\t\t\t<\/div>\n\t\t\t\t<\/div>\n\t\t\t\t<div class=\"elementor-element elementor-element-cebb807 elementor-widget elementor-widget-text-editor\" data-id=\"cebb807\" data-element_type=\"widget\" data-e-type=\"widget\" data-widget_type=\"text-editor.default\">\n\t\t\t\t<div class=\"elementor-widget-container\">\n\t\t\t\t\t\t\t\t\tAgradecimento: Turismo de Ribeir\u00e3o Claro e Turismo de Chavantes\t\t\t\t\t\t\t\t<\/div>\n\t\t\t\t<\/div>\n\t\t\t\t\t<\/div>\n\t\t\t\t<\/div>\n\t\t\t\t\t<\/div>\n\t\t\t\t<\/div>\n\t\t\t\t<\/div>\n\t\t","protected":false},"excerpt":{"rendered":"<p>Inaugurada em 1920, a Ponte P\u00eansil Alves Lima \u00e9 mais do que uma simples estrutura que liga Chavantes (SP) a Ribeir\u00e3o Claro (PR) . \u00c9 um monumento vivo, um tesouro hist\u00f3rico que resiste ao tempo e nos conta a saga de um povo. Experi\u00eancia \u00fanica, que te transporta para outra \u00e9poca Imagine-se caminhando por uma [&hellip;]<\/p>\n","protected":false},"author":1,"featured_media":11123,"comment_status":"closed","ping_status":"closed","sticky":false,"template":"","format":"standard","meta":{"footnotes":""},"categories":[85],"tags":[],"class_list":["post-11117","post","type-post","status-publish","format-standard","has-post-thumbnail","hentry","category-atrativos"],"yoast_head":"<!-- This site is optimized with the Yoast SEO plugin v27.4 - https:\/\/yoast.com\/product\/yoast-seo-wordpress\/ -->\n<title>Atrativos - Destino Angradoce<\/title>\n<meta name=\"robots\" content=\"index, follow, max-snippet:-1, max-image-preview:large, max-video-preview:-1\" \/>\n<link rel=\"canonical\" href=\"https:\/\/www.destinoangradoce.com.br\/web\/ponte-pensil-alves-lima-um-dos-tesouros-da-regiao-de-angra-doce\/\" \/>\n<meta property=\"og:locale\" content=\"pt_BR\" \/>\n<meta property=\"og:type\" content=\"article\" \/>\n<meta property=\"og:title\" content=\"Atrativos - Destino Angradoce\" \/>\n<meta property=\"og:description\" content=\"Inaugurada em 1920, a Ponte P\u00eansil Alves Lima \u00e9 mais do que uma simples estrutura que liga Chavantes (SP) a Ribeir\u00e3o Claro (PR) . \u00c9 um monumento vivo, um tesouro hist\u00f3rico que resiste ao tempo e nos conta a saga de um povo. Experi\u00eancia \u00fanica, que te transporta para outra \u00e9poca Imagine-se caminhando por uma [&hellip;]\" \/>\n<meta property=\"og:url\" content=\"https:\/\/www.destinoangradoce.com.br\/web\/ponte-pensil-alves-lima-um-dos-tesouros-da-regiao-de-angra-doce\/\" \/>\n<meta property=\"og:site_name\" content=\"Destino Angradoce\" \/>\n<meta property=\"article:published_time\" content=\"2024-11-29T12:42:47+00:00\" \/>\n<meta property=\"article:modified_time\" content=\"2024-11-29T12:51:57+00:00\" \/>\n<meta property=\"og:image\" content=\"https:\/\/www.destinoangradoce.com.br\/web\/wp-content\/uploads\/2024\/11\/ponte_pensil_alves-lima-capa.jpg\" \/>\n\t<meta property=\"og:image:width\" content=\"1280\" \/>\n\t<meta property=\"og:image:height\" content=\"720\" \/>\n\t<meta property=\"og:image:type\" content=\"image\/jpeg\" \/>\n<meta name=\"author\" content=\"Destino Angradoce\" \/>\n<meta name=\"twitter:card\" content=\"summary_large_image\" \/>\n<meta name=\"twitter:label1\" content=\"Escrito por\" \/>\n\t<meta name=\"twitter:data1\" content=\"Destino Angradoce\" \/>\n\t<meta name=\"twitter:label2\" content=\"Est. tempo de leitura\" \/>\n\t<meta name=\"twitter:data2\" content=\"2 minutos\" \/>\n<script type=\"application\/ld+json\" class=\"yoast-schema-graph\">{\"@context\":\"https:\\\/\\\/schema.org\",\"@graph\":[{\"@type\":\"Article\",\"@id\":\"https:\\\/\\\/www.destinoangradoce.com.br\\\/web\\\/ponte-pensil-alves-lima-um-dos-tesouros-da-regiao-de-angra-doce\\\/#article\",\"isPartOf\":{\"@id\":\"https:\\\/\\\/www.destinoangradoce.com.br\\\/web\\\/ponte-pensil-alves-lima-um-dos-tesouros-da-regiao-de-angra-doce\\\/\"},\"author\":{\"name\":\"Destino Angradoce\",\"@id\":\"https:\\\/\\\/www.destinoangradoce.com.br\\\/web\\\/#\\\/schema\\\/person\\\/2cf13edd30963eba179200cb3150451e\"},\"headline\":\"Ponte P\u00eansil Alves Lima um dos tesouros da regi\u00e3o de Angra Doce\",\"datePublished\":\"2024-11-29T12:42:47+00:00\",\"dateModified\":\"2024-11-29T12:51:57+00:00\",\"mainEntityOfPage\":{\"@id\":\"https:\\\/\\\/www.destinoangradoce.com.br\\\/web\\\/ponte-pensil-alves-lima-um-dos-tesouros-da-regiao-de-angra-doce\\\/\"},\"wordCount\":232,\"publisher\":{\"@id\":\"https:\\\/\\\/www.destinoangradoce.com.br\\\/web\\\/#organization\"},\"image\":{\"@id\":\"https:\\\/\\\/www.destinoangradoce.com.br\\\/web\\\/ponte-pensil-alves-lima-um-dos-tesouros-da-regiao-de-angra-doce\\\/#primaryimage\"},\"thumbnailUrl\":\"https:\\\/\\\/www.destinoangradoce.com.br\\\/web\\\/wp-content\\\/uploads\\\/2024\\\/11\\\/ponte_pensil_alves-lima-capa.jpg\",\"articleSection\":[\"Atrativos\"],\"inLanguage\":\"pt-BR\"},{\"@type\":\"WebPage\",\"@id\":\"https:\\\/\\\/www.destinoangradoce.com.br\\\/web\\\/ponte-pensil-alves-lima-um-dos-tesouros-da-regiao-de-angra-doce\\\/\",\"url\":\"https:\\\/\\\/www.destinoangradoce.com.br\\\/web\\\/ponte-pensil-alves-lima-um-dos-tesouros-da-regiao-de-angra-doce\\\/\",\"name\":\"Atrativos - Destino Angradoce\",\"isPartOf\":{\"@id\":\"https:\\\/\\\/www.destinoangradoce.com.br\\\/web\\\/#website\"},\"primaryImageOfPage\":{\"@id\":\"https:\\\/\\\/www.destinoangradoce.com.br\\\/web\\\/ponte-pensil-alves-lima-um-dos-tesouros-da-regiao-de-angra-doce\\\/#primaryimage\"},\"image\":{\"@id\":\"https:\\\/\\\/www.destinoangradoce.com.br\\\/web\\\/ponte-pensil-alves-lima-um-dos-tesouros-da-regiao-de-angra-doce\\\/#primaryimage\"},\"thumbnailUrl\":\"https:\\\/\\\/www.destinoangradoce.com.br\\\/web\\\/wp-content\\\/uploads\\\/2024\\\/11\\\/ponte_pensil_alves-lima-capa.jpg\",\"datePublished\":\"2024-11-29T12:42:47+00:00\",\"dateModified\":\"2024-11-29T12:51:57+00:00\",\"breadcrumb\":{\"@id\":\"https:\\\/\\\/www.destinoangradoce.com.br\\\/web\\\/ponte-pensil-alves-lima-um-dos-tesouros-da-regiao-de-angra-doce\\\/#breadcrumb\"},\"inLanguage\":\"pt-BR\",\"potentialAction\":[{\"@type\":\"ReadAction\",\"target\":[\"https:\\\/\\\/www.destinoangradoce.com.br\\\/web\\\/ponte-pensil-alves-lima-um-dos-tesouros-da-regiao-de-angra-doce\\\/\"]}]},{\"@type\":\"ImageObject\",\"inLanguage\":\"pt-BR\",\"@id\":\"https:\\\/\\\/www.destinoangradoce.com.br\\\/web\\\/ponte-pensil-alves-lima-um-dos-tesouros-da-regiao-de-angra-doce\\\/#primaryimage\",\"url\":\"https:\\\/\\\/www.destinoangradoce.com.br\\\/web\\\/wp-content\\\/uploads\\\/2024\\\/11\\\/ponte_pensil_alves-lima-capa.jpg\",\"contentUrl\":\"https:\\\/\\\/www.destinoangradoce.com.br\\\/web\\\/wp-content\\\/uploads\\\/2024\\\/11\\\/ponte_pensil_alves-lima-capa.jpg\",\"width\":1280,\"height\":720},{\"@type\":\"BreadcrumbList\",\"@id\":\"https:\\\/\\\/www.destinoangradoce.com.br\\\/web\\\/ponte-pensil-alves-lima-um-dos-tesouros-da-regiao-de-angra-doce\\\/#breadcrumb\",\"itemListElement\":[{\"@type\":\"ListItem\",\"position\":1,\"name\":\"In\u00edcio\",\"item\":\"https:\\\/\\\/www.destinoangradoce.com.br\\\/web\\\/\"},{\"@type\":\"ListItem\",\"position\":2,\"name\":\"Ponte P\u00eansil Alves Lima um dos tesouros da regi\u00e3o de Angra Doce\"}]},{\"@type\":\"WebSite\",\"@id\":\"https:\\\/\\\/www.destinoangradoce.com.br\\\/web\\\/#website\",\"url\":\"https:\\\/\\\/www.destinoangradoce.com.br\\\/web\\\/\",\"name\":\"Destino Angradoce\",\"description\":\"Guia de Viagens e Neg\u00f3cios da regi\u00e3o Angra Doce\",\"publisher\":{\"@id\":\"https:\\\/\\\/www.destinoangradoce.com.br\\\/web\\\/#organization\"},\"potentialAction\":[{\"@type\":\"SearchAction\",\"target\":{\"@type\":\"EntryPoint\",\"urlTemplate\":\"https:\\\/\\\/www.destinoangradoce.com.br\\\/web\\\/?s={search_term_string}\"},\"query-input\":{\"@type\":\"PropertyValueSpecification\",\"valueRequired\":true,\"valueName\":\"search_term_string\"}}],\"inLanguage\":\"pt-BR\"},{\"@type\":\"Organization\",\"@id\":\"https:\\\/\\\/www.destinoangradoce.com.br\\\/web\\\/#organization\",\"name\":\"Destino Angradoce\",\"url\":\"https:\\\/\\\/www.destinoangradoce.com.br\\\/web\\\/\",\"logo\":{\"@type\":\"ImageObject\",\"inLanguage\":\"pt-BR\",\"@id\":\"https:\\\/\\\/www.destinoangradoce.com.br\\\/web\\\/#\\\/schema\\\/logo\\\/image\\\/\",\"url\":\"\",\"contentUrl\":\"\",\"caption\":\"Destino Angradoce\"},\"image\":{\"@id\":\"https:\\\/\\\/www.destinoangradoce.com.br\\\/web\\\/#\\\/schema\\\/logo\\\/image\\\/\"},\"sameAs\":[\"https:\\\/\\\/www.instagram.com\\\/destinoangradoce\"]},{\"@type\":\"Person\",\"@id\":\"https:\\\/\\\/www.destinoangradoce.com.br\\\/web\\\/#\\\/schema\\\/person\\\/2cf13edd30963eba179200cb3150451e\",\"name\":\"Destino Angradoce\",\"image\":{\"@type\":\"ImageObject\",\"inLanguage\":\"pt-BR\",\"@id\":\"https:\\\/\\\/www.destinoangradoce.com.br\\\/web\\\/wp-content\\\/uploads\\\/2023\\\/10\\\/cropped-icone_512-150x150.png\",\"url\":\"https:\\\/\\\/www.destinoangradoce.com.br\\\/web\\\/wp-content\\\/uploads\\\/2023\\\/10\\\/cropped-icone_512-150x150.png\",\"contentUrl\":\"https:\\\/\\\/www.destinoangradoce.com.br\\\/web\\\/wp-content\\\/uploads\\\/2023\\\/10\\\/cropped-icone_512-150x150.png\",\"caption\":\"Destino Angradoce\"},\"sameAs\":[\"https:\\\/\\\/www.destinoangradoce.com.br\"],\"url\":\"https:\\\/\\\/www.destinoangradoce.com.br\\\/web\\\/author\\\/destino-angradoce\\\/\"}]}<\/script>\n<!-- \/ Yoast SEO plugin. -->","yoast_head_json":{"title":"Atrativos - Destino Angradoce","robots":{"index":"index","follow":"follow","max-snippet":"max-snippet:-1","max-image-preview":"max-image-preview:large","max-video-preview":"max-video-preview:-1"},"canonical":"https:\/\/www.destinoangradoce.com.br\/web\/ponte-pensil-alves-lima-um-dos-tesouros-da-regiao-de-angra-doce\/","og_locale":"pt_BR","og_type":"article","og_title":"Atrativos - Destino Angradoce","og_description":"Inaugurada em 1920, a Ponte P\u00eansil Alves Lima \u00e9 mais do que uma simples estrutura que liga Chavantes (SP) a Ribeir\u00e3o Claro (PR) . \u00c9 um monumento vivo, um tesouro hist\u00f3rico que resiste ao tempo e nos conta a saga de um povo. Experi\u00eancia \u00fanica, que te transporta para outra \u00e9poca Imagine-se caminhando por uma [&hellip;]","og_url":"https:\/\/www.destinoangradoce.com.br\/web\/ponte-pensil-alves-lima-um-dos-tesouros-da-regiao-de-angra-doce\/","og_site_name":"Destino Angradoce","article_published_time":"2024-11-29T12:42:47+00:00","article_modified_time":"2024-11-29T12:51:57+00:00","og_image":[{"width":1280,"height":720,"url":"https:\/\/www.destinoangradoce.com.br\/web\/wp-content\/uploads\/2024\/11\/ponte_pensil_alves-lima-capa.jpg","type":"image\/jpeg"}],"author":"Destino Angradoce","twitter_card":"summary_large_image","twitter_misc":{"Escrito por":"Destino Angradoce","Est. tempo de leitura":"2 minutos"},"schema":{"@context":"https:\/\/schema.org","@graph":[{"@type":"Article","@id":"https:\/\/www.destinoangradoce.com.br\/web\/ponte-pensil-alves-lima-um-dos-tesouros-da-regiao-de-angra-doce\/#article","isPartOf":{"@id":"https:\/\/www.destinoangradoce.com.br\/web\/ponte-pensil-alves-lima-um-dos-tesouros-da-regiao-de-angra-doce\/"},"author":{"name":"Destino Angradoce","@id":"https:\/\/www.destinoangradoce.com.br\/web\/#\/schema\/person\/2cf13edd30963eba179200cb3150451e"},"headline":"Ponte P\u00eansil Alves Lima um dos tesouros da regi\u00e3o de Angra Doce","datePublished":"2024-11-29T12:42:47+00:00","dateModified":"2024-11-29T12:51:57+00:00","mainEntityOfPage":{"@id":"https:\/\/www.destinoangradoce.com.br\/web\/ponte-pensil-alves-lima-um-dos-tesouros-da-regiao-de-angra-doce\/"},"wordCount":232,"publisher":{"@id":"https:\/\/www.destinoangradoce.com.br\/web\/#organization"},"image":{"@id":"https:\/\/www.destinoangradoce.com.br\/web\/ponte-pensil-alves-lima-um-dos-tesouros-da-regiao-de-angra-doce\/#primaryimage"},"thumbnailUrl":"https:\/\/www.destinoangradoce.com.br\/web\/wp-content\/uploads\/2024\/11\/ponte_pensil_alves-lima-capa.jpg","articleSection":["Atrativos"],"inLanguage":"pt-BR"},{"@type":"WebPage","@id":"https:\/\/www.destinoangradoce.com.br\/web\/ponte-pensil-alves-lima-um-dos-tesouros-da-regiao-de-angra-doce\/","url":"https:\/\/www.destinoangradoce.com.br\/web\/ponte-pensil-alves-lima-um-dos-tesouros-da-regiao-de-angra-doce\/","name":"Atrativos - Destino Angradoce","isPartOf":{"@id":"https:\/\/www.destinoangradoce.com.br\/web\/#website"},"primaryImageOfPage":{"@id":"https:\/\/www.destinoangradoce.com.br\/web\/ponte-pensil-alves-lima-um-dos-tesouros-da-regiao-de-angra-doce\/#primaryimage"},"image":{"@id":"https:\/\/www.destinoangradoce.com.br\/web\/ponte-pensil-alves-lima-um-dos-tesouros-da-regiao-de-angra-doce\/#primaryimage"},"thumbnailUrl":"https:\/\/www.destinoangradoce.com.br\/web\/wp-content\/uploads\/2024\/11\/ponte_pensil_alves-lima-capa.jpg","datePublished":"2024-11-29T12:42:47+00:00","dateModified":"2024-11-29T12:51:57+00:00","breadcrumb":{"@id":"https:\/\/www.destinoangradoce.com.br\/web\/ponte-pensil-alves-lima-um-dos-tesouros-da-regiao-de-angra-doce\/#breadcrumb"},"inLanguage":"pt-BR","potentialAction":[{"@type":"ReadAction","target":["https:\/\/www.destinoangradoce.com.br\/web\/ponte-pensil-alves-lima-um-dos-tesouros-da-regiao-de-angra-doce\/"]}]},{"@type":"ImageObject","inLanguage":"pt-BR","@id":"https:\/\/www.destinoangradoce.com.br\/web\/ponte-pensil-alves-lima-um-dos-tesouros-da-regiao-de-angra-doce\/#primaryimage","url":"https:\/\/www.destinoangradoce.com.br\/web\/wp-content\/uploads\/2024\/11\/ponte_pensil_alves-lima-capa.jpg","contentUrl":"https:\/\/www.destinoangradoce.com.br\/web\/wp-content\/uploads\/2024\/11\/ponte_pensil_alves-lima-capa.jpg","width":1280,"height":720},{"@type":"BreadcrumbList","@id":"https:\/\/www.destinoangradoce.com.br\/web\/ponte-pensil-alves-lima-um-dos-tesouros-da-regiao-de-angra-doce\/#breadcrumb","itemListElement":[{"@type":"ListItem","position":1,"name":"In\u00edcio","item":"https:\/\/www.destinoangradoce.com.br\/web\/"},{"@type":"ListItem","position":2,"name":"Ponte P\u00eansil Alves Lima um dos tesouros da regi\u00e3o de Angra Doce"}]},{"@type":"WebSite","@id":"https:\/\/www.destinoangradoce.com.br\/web\/#website","url":"https:\/\/www.destinoangradoce.com.br\/web\/","name":"Destino Angradoce","description":"Guia de Viagens e Neg\u00f3cios da regi\u00e3o Angra Doce","publisher":{"@id":"https:\/\/www.destinoangradoce.com.br\/web\/#organization"},"potentialAction":[{"@type":"SearchAction","target":{"@type":"EntryPoint","urlTemplate":"https:\/\/www.destinoangradoce.com.br\/web\/?s={search_term_string}"},"query-input":{"@type":"PropertyValueSpecification","valueRequired":true,"valueName":"search_term_string"}}],"inLanguage":"pt-BR"},{"@type":"Organization","@id":"https:\/\/www.destinoangradoce.com.br\/web\/#organization","name":"Destino Angradoce","url":"https:\/\/www.destinoangradoce.com.br\/web\/","logo":{"@type":"ImageObject","inLanguage":"pt-BR","@id":"https:\/\/www.destinoangradoce.com.br\/web\/#\/schema\/logo\/image\/","url":"","contentUrl":"","caption":"Destino Angradoce"},"image":{"@id":"https:\/\/www.destinoangradoce.com.br\/web\/#\/schema\/logo\/image\/"},"sameAs":["https:\/\/www.instagram.com\/destinoangradoce"]},{"@type":"Person","@id":"https:\/\/www.destinoangradoce.com.br\/web\/#\/schema\/person\/2cf13edd30963eba179200cb3150451e","name":"Destino Angradoce","image":{"@type":"ImageObject","inLanguage":"pt-BR","@id":"https:\/\/www.destinoangradoce.com.br\/web\/wp-content\/uploads\/2023\/10\/cropped-icone_512-150x150.png","url":"https:\/\/www.destinoangradoce.com.br\/web\/wp-content\/uploads\/2023\/10\/cropped-icone_512-150x150.png","contentUrl":"https:\/\/www.destinoangradoce.com.br\/web\/wp-content\/uploads\/2023\/10\/cropped-icone_512-150x150.png","caption":"Destino Angradoce"},"sameAs":["https:\/\/www.destinoangradoce.com.br"],"url":"https:\/\/www.destinoangradoce.com.br\/web\/author\/destino-angradoce\/"}]}},"_links":{"self":[{"href":"https:\/\/www.destinoangradoce.com.br\/web\/wp-json\/wp\/v2\/posts\/11117","targetHints":{"allow":["GET"]}}],"collection":[{"href":"https:\/\/www.destinoangradoce.com.br\/web\/wp-json\/wp\/v2\/posts"}],"about":[{"href":"https:\/\/www.destinoangradoce.com.br\/web\/wp-json\/wp\/v2\/types\/post"}],"author":[{"embeddable":true,"href":"https:\/\/www.destinoangradoce.com.br\/web\/wp-json\/wp\/v2\/users\/1"}],"replies":[{"embeddable":true,"href":"https:\/\/www.destinoangradoce.com.br\/web\/wp-json\/wp\/v2\/comments?post=11117"}],"version-history":[{"count":1,"href":"https:\/\/www.destinoangradoce.com.br\/web\/wp-json\/wp\/v2\/posts\/11117\/revisions"}],"predecessor-version":[{"id":11129,"href":"https:\/\/www.destinoangradoce.com.br\/web\/wp-json\/wp\/v2\/posts\/11117\/revisions\/11129"}],"wp:featuredmedia":[{"embeddable":true,"href":"https:\/\/www.destinoangradoce.com.br\/web\/wp-json\/wp\/v2\/media\/11123"}],"wp:attachment":[{"href":"https:\/\/www.destinoangradoce.com.br\/web\/wp-json\/wp\/v2\/media?parent=11117"}],"wp:term":[{"taxonomy":"category","embeddable":true,"href":"https:\/\/www.destinoangradoce.com.br\/web\/wp-json\/wp\/v2\/categories?post=11117"},{"taxonomy":"post_tag","embeddable":true,"href":"https:\/\/www.destinoangradoce.com.br\/web\/wp-json\/wp\/v2\/tags?post=11117"}],"curies":[{"name":"wp","href":"https:\/\/api.w.org\/{rel}","templated":true}]}}