{"id":8158,"date":"2024-07-16T20:47:52","date_gmt":"2024-07-16T23:47:52","guid":{"rendered":"https:\/\/www.destinoangradoce.com.br\/web\/?p=8158"},"modified":"2024-09-17T10:13:05","modified_gmt":"2024-09-17T13:13:05","slug":"igreja-matriz-de-sao-sebastiao-um-simbolo-historico-e-cultural","status":"publish","type":"post","link":"https:\/\/www.destinoangradoce.com.br\/web\/igreja-matriz-de-sao-sebastiao-um-simbolo-historico-e-cultural\/","title":{"rendered":"Igreja Matriz de S\u00e3o Sebasti\u00e3o, um S\u00edmbolo Hist\u00f3rico e Cultural\u00a0"},"content":{"rendered":"\t\t<div data-elementor-type=\"wp-post\" data-elementor-id=\"8158\" class=\"elementor elementor-8158\" data-elementor-post-type=\"post\">\n\t\t\t\t<div class=\"elementor-element elementor-element-98d1be7 e-flex e-con-boxed e-con e-parent\" data-id=\"98d1be7\" data-element_type=\"container\" data-e-type=\"container\">\n\t\t\t\t\t<div class=\"e-con-inner\">\n\t\t<div class=\"elementor-element elementor-element-688fbb9 e-flex e-con-boxed e-con e-child\" data-id=\"688fbb9\" data-element_type=\"container\" data-e-type=\"container\">\n\t\t\t\t\t<div class=\"e-con-inner\">\n\t\t\t\t<div class=\"elementor-element elementor-element-1f564a1 elementor-widget elementor-widget-text-editor\" data-id=\"1f564a1\" data-element_type=\"widget\" data-e-type=\"widget\" data-widget_type=\"text-editor.default\">\n\t\t\t\t<div class=\"elementor-widget-container\">\n\t\t\t\t\t\t\t\t\tLocalizada no cora\u00e7\u00e3o da cidade de <a href=\"https:\/\/destinoangradoce.com.br\/web\/piraju\">Piraju<\/a>, a <a href=\"https:\/\/maps.google.com\/?daddr=-23.194249491173174, -49.384313206101616\"> <i class=\"im im-icon-Map-Marker\"><\/i> Igreja Matriz de S\u00e3o Sebasti\u00e3o<\/a>, \u00e9 um marco imponente que se destaca por sua rica hist\u00f3ria, arquitetura not\u00e1vel e import\u00e2ncia cultural para a comunidade. A igreja \u00e9 dedicada a S\u00e3o Sebasti\u00e3o, santo m\u00e1rtir romano venerado por sua f\u00e9 e bravura.\t\t\t\t\t\t\t\t<\/div>\n\t\t\t\t<\/div>\n\t\t\t\t\t<\/div>\n\t\t\t\t<\/div>\n\t\t<div class=\"elementor-element elementor-element-96a6608 e-flex e-con-boxed e-con e-child\" data-id=\"96a6608\" data-element_type=\"container\" data-e-type=\"container\">\n\t\t\t\t\t<div class=\"e-con-inner\">\n\t\t<div class=\"elementor-element elementor-element-86dd934 e-flex e-con-boxed e-con e-child\" data-id=\"86dd934\" data-element_type=\"container\" data-e-type=\"container\">\n\t\t\t\t\t<div class=\"e-con-inner\">\n\t\t\t\t<div class=\"elementor-element elementor-element-af03b57 elementor-widget elementor-widget-heading\" data-id=\"af03b57\" data-element_type=\"widget\" data-e-type=\"widget\" data-widget_type=\"heading.default\">\n\t\t\t\t<div class=\"elementor-widget-container\">\n\t\t\t\t\t<h3 class=\"elementor-heading-title elementor-size-default\">Um Mergulho na Hist\u00f3ria<\/h3>\t\t\t\t<\/div>\n\t\t\t\t<\/div>\n\t\t\t\t<div class=\"elementor-element elementor-element-864cb42 e-transform elementor-widget elementor-widget-image\" data-id=\"864cb42\" data-element_type=\"widget\" data-e-type=\"widget\" data-settings=\"{&quot;_transform_scale_effect&quot;:{&quot;unit&quot;:&quot;px&quot;,&quot;size&quot;:1.2,&quot;sizes&quot;:[]},&quot;_transform_scale_effect_widescreen&quot;:{&quot;unit&quot;:&quot;px&quot;,&quot;size&quot;:&quot;&quot;,&quot;sizes&quot;:[]},&quot;_transform_scale_effect_tablet&quot;:{&quot;unit&quot;:&quot;px&quot;,&quot;size&quot;:&quot;&quot;,&quot;sizes&quot;:[]},&quot;_transform_scale_effect_mobile&quot;:{&quot;unit&quot;:&quot;px&quot;,&quot;size&quot;:&quot;&quot;,&quot;sizes&quot;:[]}}\" data-widget_type=\"image.default\">\n\t\t\t\t<div class=\"elementor-widget-container\">\n\t\t\t\t\t\t\t\t\t\t\t\t\t\t\t<img fetchpriority=\"high\" decoding=\"async\" width=\"734\" height=\"733\" src=\"https:\/\/www.destinoangradoce.com.br\/web\/wp-content\/uploads\/2024\/07\/piraju-igreja_matriz-torre2-min.jpg\" class=\"attachment-full size-full wp-image-8164\" alt=\"Igreja Matriz de S\u00e3o Sebasti\u00e3o\" srcset=\"https:\/\/www.destinoangradoce.com.br\/web\/wp-content\/uploads\/2024\/07\/piraju-igreja_matriz-torre2-min.jpg 734w, https:\/\/www.destinoangradoce.com.br\/web\/wp-content\/uploads\/2024\/07\/piraju-igreja_matriz-torre2-min-300x300.jpg 300w, https:\/\/www.destinoangradoce.com.br\/web\/wp-content\/uploads\/2024\/07\/piraju-igreja_matriz-torre2-min-150x150.jpg 150w, https:\/\/www.destinoangradoce.com.br\/web\/wp-content\/uploads\/2024\/07\/piraju-igreja_matriz-torre2-min-590x590.jpg 590w, https:\/\/www.destinoangradoce.com.br\/web\/wp-content\/uploads\/2024\/07\/piraju-igreja_matriz-torre2-min-671x670.jpg 671w, https:\/\/www.destinoangradoce.com.br\/web\/wp-content\/uploads\/2024\/07\/piraju-igreja_matriz-torre2-min-577x576.jpg 577w, https:\/\/www.destinoangradoce.com.br\/web\/wp-content\/uploads\/2024\/07\/piraju-igreja_matriz-torre2-min-200x200.jpg 200w, https:\/\/www.destinoangradoce.com.br\/web\/wp-content\/uploads\/2024\/07\/piraju-igreja_matriz-torre2-min-600x599.jpg 600w, https:\/\/www.destinoangradoce.com.br\/web\/wp-content\/uploads\/2024\/07\/piraju-igreja_matriz-torre2-min-100x100.jpg 100w, https:\/\/www.destinoangradoce.com.br\/web\/wp-content\/uploads\/2024\/07\/piraju-igreja_matriz-torre2-min-75x75.jpg 75w\" sizes=\"(max-width: 734px) 100vw, 734px\" \/>\t\t\t\t\t\t\t\t\t\t\t\t\t\t\t<\/div>\n\t\t\t\t<\/div>\n\t\t\t\t\t<\/div>\n\t\t\t\t<\/div>\n\t\t\t\t<div class=\"elementor-element elementor-element-89eb6af elementor-widget elementor-widget-text-editor\" data-id=\"89eb6af\" data-element_type=\"widget\" data-e-type=\"widget\" data-widget_type=\"text-editor.default\">\n\t\t\t\t<div class=\"elementor-widget-container\">\n\t\t\t\t\t\t\t\t\tA hist\u00f3ria da Igreja Matriz de S\u00e3o Sebasti\u00e3o est\u00e1 intimamente ligada ao desenvolvimento da pr\u00f3pria cidade de Piraju. Sua constru\u00e7\u00e3o foi impulsionada pelo crescimento da popula\u00e7\u00e3o local e pela necessidade de um espa\u00e7o religioso adequado para atender \u00e0s demandas da comunidade. \t\t\t\t\t\t\t\t<\/div>\n\t\t\t\t<\/div>\n\t\t\t\t\t<\/div>\n\t\t\t\t<\/div>\n\t\t<div class=\"elementor-element elementor-element-0fc654d e-flex e-con-boxed e-con e-child\" data-id=\"0fc654d\" data-element_type=\"container\" data-e-type=\"container\">\n\t\t\t\t\t<div class=\"e-con-inner\">\n\t\t<div class=\"elementor-element elementor-element-066dd01 e-flex e-con-boxed e-con e-child\" data-id=\"066dd01\" data-element_type=\"container\" data-e-type=\"container\">\n\t\t\t\t\t<div class=\"e-con-inner\">\n\t\t\t\t<div class=\"elementor-element elementor-element-8ba0ff0 e-transform elementor-widget elementor-widget-image\" data-id=\"8ba0ff0\" data-element_type=\"widget\" data-e-type=\"widget\" data-settings=\"{&quot;_transform_scale_effect&quot;:{&quot;unit&quot;:&quot;px&quot;,&quot;size&quot;:1.3,&quot;sizes&quot;:[]},&quot;_transform_scale_effect_widescreen&quot;:{&quot;unit&quot;:&quot;px&quot;,&quot;size&quot;:&quot;&quot;,&quot;sizes&quot;:[]},&quot;_transform_scale_effect_tablet&quot;:{&quot;unit&quot;:&quot;px&quot;,&quot;size&quot;:&quot;&quot;,&quot;sizes&quot;:[]},&quot;_transform_scale_effect_mobile&quot;:{&quot;unit&quot;:&quot;px&quot;,&quot;size&quot;:&quot;&quot;,&quot;sizes&quot;:[]}}\" data-widget_type=\"image.default\">\n\t\t\t\t<div class=\"elementor-widget-container\">\n\t\t\t\t\t\t\t\t\t\t\t\t\t\t\t<img decoding=\"async\" width=\"510\" height=\"506\" src=\"https:\/\/www.destinoangradoce.com.br\/web\/wp-content\/uploads\/2024\/07\/piraju-igreja_matriz-torre-min.jpg\" class=\"attachment-large size-large wp-image-8165\" alt=\"Igreja Matriz de S\u00e3o Sebasti\u00e3o\" srcset=\"https:\/\/www.destinoangradoce.com.br\/web\/wp-content\/uploads\/2024\/07\/piraju-igreja_matriz-torre-min.jpg 510w, https:\/\/www.destinoangradoce.com.br\/web\/wp-content\/uploads\/2024\/07\/piraju-igreja_matriz-torre-min-300x298.jpg 300w, https:\/\/www.destinoangradoce.com.br\/web\/wp-content\/uploads\/2024\/07\/piraju-igreja_matriz-torre-min-150x150.jpg 150w, https:\/\/www.destinoangradoce.com.br\/web\/wp-content\/uploads\/2024\/07\/piraju-igreja_matriz-torre-min-100x100.jpg 100w, https:\/\/www.destinoangradoce.com.br\/web\/wp-content\/uploads\/2024\/07\/piraju-igreja_matriz-torre-min-75x75.jpg 75w\" sizes=\"(max-width: 510px) 100vw, 510px\" \/>\t\t\t\t\t\t\t\t\t\t\t\t\t\t\t<\/div>\n\t\t\t\t<\/div>\n\t\t\t\t<div class=\"elementor-element elementor-element-b179d57 elementor-widget elementor-widget-heading\" data-id=\"b179d57\" data-element_type=\"widget\" data-e-type=\"widget\" data-widget_type=\"heading.default\">\n\t\t\t\t<div class=\"elementor-widget-container\">\n\t\t\t\t\t<h3 class=\"elementor-heading-title elementor-size-default\">Uma Joia Arquitet\u00f4nica<\/h3>\t\t\t\t<\/div>\n\t\t\t\t<\/div>\n\t\t\t\t\t<\/div>\n\t\t\t\t<\/div>\n\t\t\t\t<div class=\"elementor-element elementor-element-81e9db0 elementor-widget elementor-widget-text-editor\" data-id=\"81e9db0\" data-element_type=\"widget\" data-e-type=\"widget\" data-widget_type=\"text-editor.default\">\n\t\t\t\t<div class=\"elementor-widget-container\">\n\t\t\t\t\t\t\t\t\tEm estilo neocl\u00e1ssico, a Igreja Matriz de S\u00e3o Sebasti\u00e3o apresenta uma fachada imponente com torres sineiras e front\u00e3o triangular. Seu interior, adornado com altares dourados, vitrais coloridos e pinturas sacras, revela a beleza e o requinte da arquitetura sacra do s\u00e9culo XIX. \t\t\t\t\t\t\t\t<\/div>\n\t\t\t\t<\/div>\n\t\t\t\t\t<\/div>\n\t\t\t\t<\/div>\n\t\t<div class=\"elementor-element elementor-element-194a15b e-con-full e-flex e-con e-child\" data-id=\"194a15b\" data-element_type=\"container\" data-e-type=\"container\">\n\t\t<div class=\"elementor-element elementor-element-15b7ef7 e-flex e-con-boxed e-con e-child\" data-id=\"15b7ef7\" data-element_type=\"container\" data-e-type=\"container\">\n\t\t\t\t\t<div class=\"e-con-inner\">\n\t\t\t\t<div class=\"elementor-element elementor-element-57790e4 elementor-widget elementor-widget-heading\" data-id=\"57790e4\" data-element_type=\"widget\" data-e-type=\"widget\" data-widget_type=\"heading.default\">\n\t\t\t\t<div class=\"elementor-widget-container\">\n\t\t\t\t\t<h3 class=\"elementor-heading-title elementor-size-default\">Visite a Igreja Matriz de S\u00e3o Sebasti\u00e3o<\/h3>\t\t\t\t<\/div>\n\t\t\t\t<\/div>\n\t\t\t\t<div class=\"elementor-element elementor-element-fab5fea e-transform elementor-widget elementor-widget-image\" data-id=\"fab5fea\" data-element_type=\"widget\" data-e-type=\"widget\" data-settings=\"{&quot;_transform_scale_effect&quot;:{&quot;unit&quot;:&quot;px&quot;,&quot;size&quot;:1.2,&quot;sizes&quot;:[]},&quot;_transform_scale_effect_widescreen&quot;:{&quot;unit&quot;:&quot;px&quot;,&quot;size&quot;:&quot;&quot;,&quot;sizes&quot;:[]},&quot;_transform_scale_effect_tablet&quot;:{&quot;unit&quot;:&quot;px&quot;,&quot;size&quot;:&quot;&quot;,&quot;sizes&quot;:[]},&quot;_transform_scale_effect_mobile&quot;:{&quot;unit&quot;:&quot;px&quot;,&quot;size&quot;:&quot;&quot;,&quot;sizes&quot;:[]}}\" data-widget_type=\"image.default\">\n\t\t\t\t<div class=\"elementor-widget-container\">\n\t\t\t\t\t\t\t\t\t\t\t\t\t\t\t<img decoding=\"async\" width=\"509\" height=\"510\" src=\"https:\/\/www.destinoangradoce.com.br\/web\/wp-content\/uploads\/2024\/07\/piraju-igreja_matriz-s_sabastiao-min.jpg\" class=\"attachment-full size-full wp-image-8166\" alt=\"Igreja Matriz de S\u00e3o Sebasti\u00e3o\" srcset=\"https:\/\/www.destinoangradoce.com.br\/web\/wp-content\/uploads\/2024\/07\/piraju-igreja_matriz-s_sabastiao-min.jpg 509w, https:\/\/www.destinoangradoce.com.br\/web\/wp-content\/uploads\/2024\/07\/piraju-igreja_matriz-s_sabastiao-min-300x300.jpg 300w, https:\/\/www.destinoangradoce.com.br\/web\/wp-content\/uploads\/2024\/07\/piraju-igreja_matriz-s_sabastiao-min-150x150.jpg 150w, https:\/\/www.destinoangradoce.com.br\/web\/wp-content\/uploads\/2024\/07\/piraju-igreja_matriz-s_sabastiao-min-200x200.jpg 200w, https:\/\/www.destinoangradoce.com.br\/web\/wp-content\/uploads\/2024\/07\/piraju-igreja_matriz-s_sabastiao-min-100x100.jpg 100w, https:\/\/www.destinoangradoce.com.br\/web\/wp-content\/uploads\/2024\/07\/piraju-igreja_matriz-s_sabastiao-min-75x75.jpg 75w\" sizes=\"(max-width: 509px) 100vw, 509px\" \/>\t\t\t\t\t\t\t\t\t\t\t\t\t\t\t<\/div>\n\t\t\t\t<\/div>\n\t\t\t\t\t<\/div>\n\t\t\t\t<\/div>\n\t\t\t\t<div class=\"elementor-element elementor-element-86297c7 elementor-widget elementor-widget-text-editor\" data-id=\"86297c7\" data-element_type=\"widget\" data-e-type=\"widget\" data-widget_type=\"text-editor.default\">\n\t\t\t\t<div class=\"elementor-widget-container\">\n\t\t\t\t\t\t\t\t\tA igreja est\u00e1 aberta ao p\u00fablico para visitas durante os hor\u00e1rios de funcionamento da par\u00f3quia. Os visitantes podem admirar a arquitetura da igreja, e visitar a imagem de S\u00e3o Sebasti\u00e3o, padroeiro da cidade.\t\t\t\t\t\t\t\t<\/div>\n\t\t\t\t<\/div>\n\t\t\t\t<\/div>\n\t\t<div class=\"elementor-element elementor-element-b189a34 e-flex e-con-boxed e-con e-child\" data-id=\"b189a34\" data-element_type=\"container\" data-e-type=\"container\">\n\t\t\t\t\t<div class=\"e-con-inner\">\n\t\t\t\t<div class=\"elementor-element elementor-element-6ca01bd elementor-widget elementor-widget-heading\" data-id=\"6ca01bd\" data-element_type=\"widget\" data-e-type=\"widget\" data-widget_type=\"heading.default\">\n\t\t\t\t<div class=\"elementor-widget-container\">\n\t\t\t\t\t<h3 class=\"elementor-heading-title elementor-size-default\">A Igreja Matriz de S\u00e3o Sebasti\u00e3o \u00e9 um lugar imperd\u00edvel para quem visita Piraju.<\/h3>\t\t\t\t<\/div>\n\t\t\t\t<\/div>\n\t\t\t\t<div class=\"elementor-element elementor-element-09afbf0 elementor-widget elementor-widget-text-editor\" data-id=\"09afbf0\" data-element_type=\"widget\" data-e-type=\"widget\" data-widget_type=\"text-editor.default\">\n\t\t\t\t<div class=\"elementor-widget-container\">\n\t\t\t\t\t\t\t\t\tAgradecimento: Depto. de Turismo de Piraju\t\t\t\t\t\t\t\t<\/div>\n\t\t\t\t<\/div>\n\t\t\t\t\t<\/div>\n\t\t\t\t<\/div>\n\t\t\t\t\t<\/div>\n\t\t\t\t<\/div>\n\t\t\t\t<\/div>\n\t\t","protected":false},"excerpt":{"rendered":"<p>Localizada no cora\u00e7\u00e3o da cidade de Piraju, a Igreja Matriz de S\u00e3o Sebasti\u00e3o, \u00e9 um marco imponente que se destaca por sua rica hist\u00f3ria, arquitetura not\u00e1vel e import\u00e2ncia cultural para a comunidade. A igreja \u00e9 dedicada a S\u00e3o Sebasti\u00e3o, santo m\u00e1rtir romano venerado por sua f\u00e9 e bravura. Um Mergulho na Hist\u00f3ria A hist\u00f3ria da [&hellip;]<\/p>\n","protected":false},"author":1,"featured_media":8160,"comment_status":"closed","ping_status":"closed","sticky":false,"template":"","format":"standard","meta":{"footnotes":""},"categories":[85],"tags":[],"class_list":["post-8158","post","type-post","status-publish","format-standard","has-post-thumbnail","hentry","category-atrativos"],"yoast_head":"<!-- This site is optimized with the Yoast SEO plugin v27.4 - https:\/\/yoast.com\/product\/yoast-seo-wordpress\/ -->\n<title>Atrativos - Destino Angradoce<\/title>\n<meta name=\"robots\" content=\"index, follow, max-snippet:-1, max-image-preview:large, max-video-preview:-1\" \/>\n<link rel=\"canonical\" href=\"https:\/\/www.destinoangradoce.com.br\/web\/igreja-matriz-de-sao-sebastiao-um-simbolo-historico-e-cultural\/\" \/>\n<meta property=\"og:locale\" content=\"pt_BR\" \/>\n<meta property=\"og:type\" content=\"article\" \/>\n<meta property=\"og:title\" content=\"Atrativos - Destino Angradoce\" \/>\n<meta property=\"og:description\" content=\"Localizada no cora\u00e7\u00e3o da cidade de Piraju, a Igreja Matriz de S\u00e3o Sebasti\u00e3o, \u00e9 um marco imponente que se destaca por sua rica hist\u00f3ria, arquitetura not\u00e1vel e import\u00e2ncia cultural para a comunidade. A igreja \u00e9 dedicada a S\u00e3o Sebasti\u00e3o, santo m\u00e1rtir romano venerado por sua f\u00e9 e bravura. Um Mergulho na Hist\u00f3ria A hist\u00f3ria da [&hellip;]\" \/>\n<meta property=\"og:url\" content=\"https:\/\/www.destinoangradoce.com.br\/web\/igreja-matriz-de-sao-sebastiao-um-simbolo-historico-e-cultural\/\" \/>\n<meta property=\"og:site_name\" content=\"Destino Angradoce\" \/>\n<meta property=\"article:published_time\" content=\"2024-07-16T23:47:52+00:00\" \/>\n<meta property=\"article:modified_time\" content=\"2024-09-17T13:13:05+00:00\" \/>\n<meta property=\"og:image\" content=\"https:\/\/www.destinoangradoce.com.br\/web\/wp-content\/uploads\/2024\/07\/piraju-igreja_matriz-capa-min.jpg\" \/>\n\t<meta property=\"og:image:width\" content=\"1280\" \/>\n\t<meta property=\"og:image:height\" content=\"960\" \/>\n\t<meta property=\"og:image:type\" content=\"image\/jpeg\" \/>\n<meta name=\"author\" content=\"Destino Angradoce\" \/>\n<meta name=\"twitter:card\" content=\"summary_large_image\" \/>\n<meta name=\"twitter:label1\" content=\"Escrito por\" \/>\n\t<meta name=\"twitter:data1\" content=\"Destino Angradoce\" \/>\n\t<meta name=\"twitter:label2\" content=\"Est. tempo de leitura\" \/>\n\t<meta name=\"twitter:data2\" content=\"2 minutos\" \/>\n<script type=\"application\/ld+json\" class=\"yoast-schema-graph\">{\"@context\":\"https:\\\/\\\/schema.org\",\"@graph\":[{\"@type\":\"Article\",\"@id\":\"https:\\\/\\\/www.destinoangradoce.com.br\\\/web\\\/igreja-matriz-de-sao-sebastiao-um-simbolo-historico-e-cultural\\\/#article\",\"isPartOf\":{\"@id\":\"https:\\\/\\\/www.destinoangradoce.com.br\\\/web\\\/igreja-matriz-de-sao-sebastiao-um-simbolo-historico-e-cultural\\\/\"},\"author\":{\"name\":\"Destino Angradoce\",\"@id\":\"https:\\\/\\\/www.destinoangradoce.com.br\\\/web\\\/#\\\/schema\\\/person\\\/2cf13edd30963eba179200cb3150451e\"},\"headline\":\"Igreja Matriz de S\u00e3o Sebasti\u00e3o, um S\u00edmbolo Hist\u00f3rico e Cultural\u00a0\",\"datePublished\":\"2024-07-16T23:47:52+00:00\",\"dateModified\":\"2024-09-17T13:13:05+00:00\",\"mainEntityOfPage\":{\"@id\":\"https:\\\/\\\/www.destinoangradoce.com.br\\\/web\\\/igreja-matriz-de-sao-sebastiao-um-simbolo-historico-e-cultural\\\/\"},\"wordCount\":242,\"publisher\":{\"@id\":\"https:\\\/\\\/www.destinoangradoce.com.br\\\/web\\\/#organization\"},\"image\":{\"@id\":\"https:\\\/\\\/www.destinoangradoce.com.br\\\/web\\\/igreja-matriz-de-sao-sebastiao-um-simbolo-historico-e-cultural\\\/#primaryimage\"},\"thumbnailUrl\":\"https:\\\/\\\/www.destinoangradoce.com.br\\\/web\\\/wp-content\\\/uploads\\\/2024\\\/07\\\/piraju-igreja_matriz-capa-min.jpg\",\"articleSection\":[\"Atrativos\"],\"inLanguage\":\"pt-BR\"},{\"@type\":\"WebPage\",\"@id\":\"https:\\\/\\\/www.destinoangradoce.com.br\\\/web\\\/igreja-matriz-de-sao-sebastiao-um-simbolo-historico-e-cultural\\\/\",\"url\":\"https:\\\/\\\/www.destinoangradoce.com.br\\\/web\\\/igreja-matriz-de-sao-sebastiao-um-simbolo-historico-e-cultural\\\/\",\"name\":\"Atrativos - Destino Angradoce\",\"isPartOf\":{\"@id\":\"https:\\\/\\\/www.destinoangradoce.com.br\\\/web\\\/#website\"},\"primaryImageOfPage\":{\"@id\":\"https:\\\/\\\/www.destinoangradoce.com.br\\\/web\\\/igreja-matriz-de-sao-sebastiao-um-simbolo-historico-e-cultural\\\/#primaryimage\"},\"image\":{\"@id\":\"https:\\\/\\\/www.destinoangradoce.com.br\\\/web\\\/igreja-matriz-de-sao-sebastiao-um-simbolo-historico-e-cultural\\\/#primaryimage\"},\"thumbnailUrl\":\"https:\\\/\\\/www.destinoangradoce.com.br\\\/web\\\/wp-content\\\/uploads\\\/2024\\\/07\\\/piraju-igreja_matriz-capa-min.jpg\",\"datePublished\":\"2024-07-16T23:47:52+00:00\",\"dateModified\":\"2024-09-17T13:13:05+00:00\",\"breadcrumb\":{\"@id\":\"https:\\\/\\\/www.destinoangradoce.com.br\\\/web\\\/igreja-matriz-de-sao-sebastiao-um-simbolo-historico-e-cultural\\\/#breadcrumb\"},\"inLanguage\":\"pt-BR\",\"potentialAction\":[{\"@type\":\"ReadAction\",\"target\":[\"https:\\\/\\\/www.destinoangradoce.com.br\\\/web\\\/igreja-matriz-de-sao-sebastiao-um-simbolo-historico-e-cultural\\\/\"]}]},{\"@type\":\"ImageObject\",\"inLanguage\":\"pt-BR\",\"@id\":\"https:\\\/\\\/www.destinoangradoce.com.br\\\/web\\\/igreja-matriz-de-sao-sebastiao-um-simbolo-historico-e-cultural\\\/#primaryimage\",\"url\":\"https:\\\/\\\/www.destinoangradoce.com.br\\\/web\\\/wp-content\\\/uploads\\\/2024\\\/07\\\/piraju-igreja_matriz-capa-min.jpg\",\"contentUrl\":\"https:\\\/\\\/www.destinoangradoce.com.br\\\/web\\\/wp-content\\\/uploads\\\/2024\\\/07\\\/piraju-igreja_matriz-capa-min.jpg\",\"width\":1280,\"height\":960,\"caption\":\"Igreja Matriz de S\u00e3o Sebasti\u00e3o\"},{\"@type\":\"BreadcrumbList\",\"@id\":\"https:\\\/\\\/www.destinoangradoce.com.br\\\/web\\\/igreja-matriz-de-sao-sebastiao-um-simbolo-historico-e-cultural\\\/#breadcrumb\",\"itemListElement\":[{\"@type\":\"ListItem\",\"position\":1,\"name\":\"In\u00edcio\",\"item\":\"https:\\\/\\\/www.destinoangradoce.com.br\\\/web\\\/\"},{\"@type\":\"ListItem\",\"position\":2,\"name\":\"Igreja Matriz de S\u00e3o Sebasti\u00e3o, um S\u00edmbolo Hist\u00f3rico e Cultural\u00a0\"}]},{\"@type\":\"WebSite\",\"@id\":\"https:\\\/\\\/www.destinoangradoce.com.br\\\/web\\\/#website\",\"url\":\"https:\\\/\\\/www.destinoangradoce.com.br\\\/web\\\/\",\"name\":\"Destino Angradoce\",\"description\":\"Guia de Viagens e Neg\u00f3cios da regi\u00e3o Angra Doce\",\"publisher\":{\"@id\":\"https:\\\/\\\/www.destinoangradoce.com.br\\\/web\\\/#organization\"},\"potentialAction\":[{\"@type\":\"SearchAction\",\"target\":{\"@type\":\"EntryPoint\",\"urlTemplate\":\"https:\\\/\\\/www.destinoangradoce.com.br\\\/web\\\/?s={search_term_string}\"},\"query-input\":{\"@type\":\"PropertyValueSpecification\",\"valueRequired\":true,\"valueName\":\"search_term_string\"}}],\"inLanguage\":\"pt-BR\"},{\"@type\":\"Organization\",\"@id\":\"https:\\\/\\\/www.destinoangradoce.com.br\\\/web\\\/#organization\",\"name\":\"Destino Angradoce\",\"url\":\"https:\\\/\\\/www.destinoangradoce.com.br\\\/web\\\/\",\"logo\":{\"@type\":\"ImageObject\",\"inLanguage\":\"pt-BR\",\"@id\":\"https:\\\/\\\/www.destinoangradoce.com.br\\\/web\\\/#\\\/schema\\\/logo\\\/image\\\/\",\"url\":\"\",\"contentUrl\":\"\",\"caption\":\"Destino Angradoce\"},\"image\":{\"@id\":\"https:\\\/\\\/www.destinoangradoce.com.br\\\/web\\\/#\\\/schema\\\/logo\\\/image\\\/\"},\"sameAs\":[\"https:\\\/\\\/www.instagram.com\\\/destinoangradoce\"]},{\"@type\":\"Person\",\"@id\":\"https:\\\/\\\/www.destinoangradoce.com.br\\\/web\\\/#\\\/schema\\\/person\\\/2cf13edd30963eba179200cb3150451e\",\"name\":\"Destino Angradoce\",\"image\":{\"@type\":\"ImageObject\",\"inLanguage\":\"pt-BR\",\"@id\":\"https:\\\/\\\/www.destinoangradoce.com.br\\\/web\\\/wp-content\\\/uploads\\\/2023\\\/10\\\/cropped-icone_512-150x150.png\",\"url\":\"https:\\\/\\\/www.destinoangradoce.com.br\\\/web\\\/wp-content\\\/uploads\\\/2023\\\/10\\\/cropped-icone_512-150x150.png\",\"contentUrl\":\"https:\\\/\\\/www.destinoangradoce.com.br\\\/web\\\/wp-content\\\/uploads\\\/2023\\\/10\\\/cropped-icone_512-150x150.png\",\"caption\":\"Destino Angradoce\"},\"sameAs\":[\"https:\\\/\\\/www.destinoangradoce.com.br\"],\"url\":\"https:\\\/\\\/www.destinoangradoce.com.br\\\/web\\\/author\\\/destino-angradoce\\\/\"}]}<\/script>\n<!-- \/ Yoast SEO plugin. -->","yoast_head_json":{"title":"Atrativos - Destino Angradoce","robots":{"index":"index","follow":"follow","max-snippet":"max-snippet:-1","max-image-preview":"max-image-preview:large","max-video-preview":"max-video-preview:-1"},"canonical":"https:\/\/www.destinoangradoce.com.br\/web\/igreja-matriz-de-sao-sebastiao-um-simbolo-historico-e-cultural\/","og_locale":"pt_BR","og_type":"article","og_title":"Atrativos - Destino Angradoce","og_description":"Localizada no cora\u00e7\u00e3o da cidade de Piraju, a Igreja Matriz de S\u00e3o Sebasti\u00e3o, \u00e9 um marco imponente que se destaca por sua rica hist\u00f3ria, arquitetura not\u00e1vel e import\u00e2ncia cultural para a comunidade. A igreja \u00e9 dedicada a S\u00e3o Sebasti\u00e3o, santo m\u00e1rtir romano venerado por sua f\u00e9 e bravura. Um Mergulho na Hist\u00f3ria A hist\u00f3ria da [&hellip;]","og_url":"https:\/\/www.destinoangradoce.com.br\/web\/igreja-matriz-de-sao-sebastiao-um-simbolo-historico-e-cultural\/","og_site_name":"Destino Angradoce","article_published_time":"2024-07-16T23:47:52+00:00","article_modified_time":"2024-09-17T13:13:05+00:00","og_image":[{"width":1280,"height":960,"url":"https:\/\/www.destinoangradoce.com.br\/web\/wp-content\/uploads\/2024\/07\/piraju-igreja_matriz-capa-min.jpg","type":"image\/jpeg"}],"author":"Destino Angradoce","twitter_card":"summary_large_image","twitter_misc":{"Escrito por":"Destino Angradoce","Est. tempo de leitura":"2 minutos"},"schema":{"@context":"https:\/\/schema.org","@graph":[{"@type":"Article","@id":"https:\/\/www.destinoangradoce.com.br\/web\/igreja-matriz-de-sao-sebastiao-um-simbolo-historico-e-cultural\/#article","isPartOf":{"@id":"https:\/\/www.destinoangradoce.com.br\/web\/igreja-matriz-de-sao-sebastiao-um-simbolo-historico-e-cultural\/"},"author":{"name":"Destino Angradoce","@id":"https:\/\/www.destinoangradoce.com.br\/web\/#\/schema\/person\/2cf13edd30963eba179200cb3150451e"},"headline":"Igreja Matriz de S\u00e3o Sebasti\u00e3o, um S\u00edmbolo Hist\u00f3rico e Cultural\u00a0","datePublished":"2024-07-16T23:47:52+00:00","dateModified":"2024-09-17T13:13:05+00:00","mainEntityOfPage":{"@id":"https:\/\/www.destinoangradoce.com.br\/web\/igreja-matriz-de-sao-sebastiao-um-simbolo-historico-e-cultural\/"},"wordCount":242,"publisher":{"@id":"https:\/\/www.destinoangradoce.com.br\/web\/#organization"},"image":{"@id":"https:\/\/www.destinoangradoce.com.br\/web\/igreja-matriz-de-sao-sebastiao-um-simbolo-historico-e-cultural\/#primaryimage"},"thumbnailUrl":"https:\/\/www.destinoangradoce.com.br\/web\/wp-content\/uploads\/2024\/07\/piraju-igreja_matriz-capa-min.jpg","articleSection":["Atrativos"],"inLanguage":"pt-BR"},{"@type":"WebPage","@id":"https:\/\/www.destinoangradoce.com.br\/web\/igreja-matriz-de-sao-sebastiao-um-simbolo-historico-e-cultural\/","url":"https:\/\/www.destinoangradoce.com.br\/web\/igreja-matriz-de-sao-sebastiao-um-simbolo-historico-e-cultural\/","name":"Atrativos - Destino Angradoce","isPartOf":{"@id":"https:\/\/www.destinoangradoce.com.br\/web\/#website"},"primaryImageOfPage":{"@id":"https:\/\/www.destinoangradoce.com.br\/web\/igreja-matriz-de-sao-sebastiao-um-simbolo-historico-e-cultural\/#primaryimage"},"image":{"@id":"https:\/\/www.destinoangradoce.com.br\/web\/igreja-matriz-de-sao-sebastiao-um-simbolo-historico-e-cultural\/#primaryimage"},"thumbnailUrl":"https:\/\/www.destinoangradoce.com.br\/web\/wp-content\/uploads\/2024\/07\/piraju-igreja_matriz-capa-min.jpg","datePublished":"2024-07-16T23:47:52+00:00","dateModified":"2024-09-17T13:13:05+00:00","breadcrumb":{"@id":"https:\/\/www.destinoangradoce.com.br\/web\/igreja-matriz-de-sao-sebastiao-um-simbolo-historico-e-cultural\/#breadcrumb"},"inLanguage":"pt-BR","potentialAction":[{"@type":"ReadAction","target":["https:\/\/www.destinoangradoce.com.br\/web\/igreja-matriz-de-sao-sebastiao-um-simbolo-historico-e-cultural\/"]}]},{"@type":"ImageObject","inLanguage":"pt-BR","@id":"https:\/\/www.destinoangradoce.com.br\/web\/igreja-matriz-de-sao-sebastiao-um-simbolo-historico-e-cultural\/#primaryimage","url":"https:\/\/www.destinoangradoce.com.br\/web\/wp-content\/uploads\/2024\/07\/piraju-igreja_matriz-capa-min.jpg","contentUrl":"https:\/\/www.destinoangradoce.com.br\/web\/wp-content\/uploads\/2024\/07\/piraju-igreja_matriz-capa-min.jpg","width":1280,"height":960,"caption":"Igreja Matriz de S\u00e3o Sebasti\u00e3o"},{"@type":"BreadcrumbList","@id":"https:\/\/www.destinoangradoce.com.br\/web\/igreja-matriz-de-sao-sebastiao-um-simbolo-historico-e-cultural\/#breadcrumb","itemListElement":[{"@type":"ListItem","position":1,"name":"In\u00edcio","item":"https:\/\/www.destinoangradoce.com.br\/web\/"},{"@type":"ListItem","position":2,"name":"Igreja Matriz de S\u00e3o Sebasti\u00e3o, um S\u00edmbolo Hist\u00f3rico e Cultural\u00a0"}]},{"@type":"WebSite","@id":"https:\/\/www.destinoangradoce.com.br\/web\/#website","url":"https:\/\/www.destinoangradoce.com.br\/web\/","name":"Destino Angradoce","description":"Guia de Viagens e Neg\u00f3cios da regi\u00e3o Angra Doce","publisher":{"@id":"https:\/\/www.destinoangradoce.com.br\/web\/#organization"},"potentialAction":[{"@type":"SearchAction","target":{"@type":"EntryPoint","urlTemplate":"https:\/\/www.destinoangradoce.com.br\/web\/?s={search_term_string}"},"query-input":{"@type":"PropertyValueSpecification","valueRequired":true,"valueName":"search_term_string"}}],"inLanguage":"pt-BR"},{"@type":"Organization","@id":"https:\/\/www.destinoangradoce.com.br\/web\/#organization","name":"Destino Angradoce","url":"https:\/\/www.destinoangradoce.com.br\/web\/","logo":{"@type":"ImageObject","inLanguage":"pt-BR","@id":"https:\/\/www.destinoangradoce.com.br\/web\/#\/schema\/logo\/image\/","url":"","contentUrl":"","caption":"Destino Angradoce"},"image":{"@id":"https:\/\/www.destinoangradoce.com.br\/web\/#\/schema\/logo\/image\/"},"sameAs":["https:\/\/www.instagram.com\/destinoangradoce"]},{"@type":"Person","@id":"https:\/\/www.destinoangradoce.com.br\/web\/#\/schema\/person\/2cf13edd30963eba179200cb3150451e","name":"Destino Angradoce","image":{"@type":"ImageObject","inLanguage":"pt-BR","@id":"https:\/\/www.destinoangradoce.com.br\/web\/wp-content\/uploads\/2023\/10\/cropped-icone_512-150x150.png","url":"https:\/\/www.destinoangradoce.com.br\/web\/wp-content\/uploads\/2023\/10\/cropped-icone_512-150x150.png","contentUrl":"https:\/\/www.destinoangradoce.com.br\/web\/wp-content\/uploads\/2023\/10\/cropped-icone_512-150x150.png","caption":"Destino Angradoce"},"sameAs":["https:\/\/www.destinoangradoce.com.br"],"url":"https:\/\/www.destinoangradoce.com.br\/web\/author\/destino-angradoce\/"}]}},"_links":{"self":[{"href":"https:\/\/www.destinoangradoce.com.br\/web\/wp-json\/wp\/v2\/posts\/8158","targetHints":{"allow":["GET"]}}],"collection":[{"href":"https:\/\/www.destinoangradoce.com.br\/web\/wp-json\/wp\/v2\/posts"}],"about":[{"href":"https:\/\/www.destinoangradoce.com.br\/web\/wp-json\/wp\/v2\/types\/post"}],"author":[{"embeddable":true,"href":"https:\/\/www.destinoangradoce.com.br\/web\/wp-json\/wp\/v2\/users\/1"}],"replies":[{"embeddable":true,"href":"https:\/\/www.destinoangradoce.com.br\/web\/wp-json\/wp\/v2\/comments?post=8158"}],"version-history":[{"count":2,"href":"https:\/\/www.destinoangradoce.com.br\/web\/wp-json\/wp\/v2\/posts\/8158\/revisions"}],"predecessor-version":[{"id":8169,"href":"https:\/\/www.destinoangradoce.com.br\/web\/wp-json\/wp\/v2\/posts\/8158\/revisions\/8169"}],"wp:featuredmedia":[{"embeddable":true,"href":"https:\/\/www.destinoangradoce.com.br\/web\/wp-json\/wp\/v2\/media\/8160"}],"wp:attachment":[{"href":"https:\/\/www.destinoangradoce.com.br\/web\/wp-json\/wp\/v2\/media?parent=8158"}],"wp:term":[{"taxonomy":"category","embeddable":true,"href":"https:\/\/www.destinoangradoce.com.br\/web\/wp-json\/wp\/v2\/categories?post=8158"},{"taxonomy":"post_tag","embeddable":true,"href":"https:\/\/www.destinoangradoce.com.br\/web\/wp-json\/wp\/v2\/tags?post=8158"}],"curies":[{"name":"wp","href":"https:\/\/api.w.org\/{rel}","templated":true}]}}