{"id":9654,"date":"2024-08-26T10:00:00","date_gmt":"2024-08-26T13:00:00","guid":{"rendered":"https:\/\/www.destinoangradoce.com.br\/web\/?p=9654"},"modified":"2024-09-17T10:09:01","modified_gmt":"2024-09-17T13:09:01","slug":"prainha-do-balneario-alemoa-e-um-paraiso-no-coracao-do-angra-doce","status":"publish","type":"post","link":"https:\/\/www.destinoangradoce.com.br\/web\/prainha-do-balneario-alemoa-e-um-paraiso-no-coracao-do-angra-doce\/","title":{"rendered":"Prainha do Balne\u00e1rio Alemoa \u00e9 um Para\u00edso no cora\u00e7\u00e3o do Angra Doce"},"content":{"rendered":"\t\t<div data-elementor-type=\"wp-post\" data-elementor-id=\"9654\" class=\"elementor elementor-9654\" data-elementor-post-type=\"post\">\n\t\t\t\t<div class=\"elementor-element elementor-element-3c6fcd6 e-flex e-con-boxed e-con e-parent\" data-id=\"3c6fcd6\" data-element_type=\"container\" data-e-type=\"container\">\n\t\t\t\t\t<div class=\"e-con-inner\">\n\t\t<div class=\"elementor-element elementor-element-ba8efb4 e-flex e-con-boxed e-con e-child\" data-id=\"ba8efb4\" data-element_type=\"container\" data-e-type=\"container\">\n\t\t\t\t\t<div class=\"e-con-inner\">\n\t\t\t\t<div class=\"elementor-element elementor-element-9daed20 elementor-widget elementor-widget-text-editor\" data-id=\"9daed20\" data-element_type=\"widget\" data-e-type=\"widget\" data-widget_type=\"text-editor.default\">\n\t\t\t\t<div class=\"elementor-widget-container\">\n\t\t\t\t\t\t\t\t\tO <a href=\"https:\/\/maps.google.com\/?daddr=-23.556224690642594, -49.67767427232478\"><i class=\"im im-icon-Map-Marker\"><\/i> Balne\u00e1rio Alemoa<\/a>, na cidade de Siqueira Campos, \u00e9 um lugar incr\u00edvel para quem gosta de natureza. A prainha com uma \u00e1gua bem limpinha e uma paisagem linda, \u00e9 perfeita para relaxar e se divertir.\t\t\t\t\t\t\t\t<\/div>\n\t\t\t\t<\/div>\n\t\t\t\t\t<\/div>\n\t\t\t\t<\/div>\n\t\t<div class=\"elementor-element elementor-element-f4d8a6a e-flex e-con-boxed e-con e-child\" data-id=\"f4d8a6a\" data-element_type=\"container\" data-e-type=\"container\">\n\t\t\t\t\t<div class=\"e-con-inner\">\n\t\t<div class=\"elementor-element elementor-element-a977072 e-flex e-con-boxed e-con e-child\" data-id=\"a977072\" data-element_type=\"container\" data-e-type=\"container\">\n\t\t\t\t\t<div class=\"e-con-inner\">\n\t\t\t\t<div class=\"elementor-element elementor-element-a880df0 elementor-widget elementor-widget-heading\" data-id=\"a880df0\" data-element_type=\"widget\" data-e-type=\"widget\" data-widget_type=\"heading.default\">\n\t\t\t\t<div class=\"elementor-widget-container\">\n\t\t\t\t\t<h3 class=\"elementor-heading-title elementor-size-default\">Ideal para quem busca fugir da rotina.<\/h3>\t\t\t\t<\/div>\n\t\t\t\t<\/div>\n\t\t\t\t<div class=\"elementor-element elementor-element-4959fc2 e-transform elementor-widget elementor-widget-image\" data-id=\"4959fc2\" data-element_type=\"widget\" data-e-type=\"widget\" data-settings=\"{&quot;_transform_scale_effect&quot;:{&quot;unit&quot;:&quot;px&quot;,&quot;size&quot;:1.2,&quot;sizes&quot;:[]},&quot;_transform_scale_effect_widescreen&quot;:{&quot;unit&quot;:&quot;px&quot;,&quot;size&quot;:&quot;&quot;,&quot;sizes&quot;:[]},&quot;_transform_scale_effect_tablet&quot;:{&quot;unit&quot;:&quot;px&quot;,&quot;size&quot;:&quot;&quot;,&quot;sizes&quot;:[]},&quot;_transform_scale_effect_mobile&quot;:{&quot;unit&quot;:&quot;px&quot;,&quot;size&quot;:&quot;&quot;,&quot;sizes&quot;:[]}}\" data-widget_type=\"image.default\">\n\t\t\t\t<div class=\"elementor-widget-container\">\n\t\t\t\t\t\t\t\t\t\t\t\t\t\t\t<img fetchpriority=\"high\" decoding=\"async\" width=\"500\" height=\"500\" src=\"https:\/\/www.destinoangradoce.com.br\/web\/wp-content\/uploads\/2024\/08\/balneario_alemoa-01-min-large.jpg\" class=\"attachment-large size-large wp-image-9658\" alt=\"\" srcset=\"https:\/\/www.destinoangradoce.com.br\/web\/wp-content\/uploads\/2024\/08\/balneario_alemoa-01-min.jpg 500w, https:\/\/www.destinoangradoce.com.br\/web\/wp-content\/uploads\/2024\/08\/balneario_alemoa-01-min-300x300.jpg 300w, https:\/\/www.destinoangradoce.com.br\/web\/wp-content\/uploads\/2024\/08\/balneario_alemoa-01-min-150x150.jpg 150w, https:\/\/www.destinoangradoce.com.br\/web\/wp-content\/uploads\/2024\/08\/balneario_alemoa-01-min-200x200.jpg 200w, https:\/\/www.destinoangradoce.com.br\/web\/wp-content\/uploads\/2024\/08\/balneario_alemoa-01-min-100x100.jpg 100w, https:\/\/www.destinoangradoce.com.br\/web\/wp-content\/uploads\/2024\/08\/balneario_alemoa-01-min-75x75.jpg 75w\" sizes=\"(max-width: 500px) 100vw, 500px\" \/>\t\t\t\t\t\t\t\t\t\t\t\t\t\t\t<\/div>\n\t\t\t\t<\/div>\n\t\t\t\t\t<\/div>\n\t\t\t\t<\/div>\n\t\t\t\t<div class=\"elementor-element elementor-element-78ba044 elementor-widget elementor-widget-text-editor\" data-id=\"78ba044\" data-element_type=\"widget\" data-e-type=\"widget\" data-widget_type=\"text-editor.default\">\n\t\t\t\t<div class=\"elementor-widget-container\">\n\t\t\t\t\t\t\t\t\t<p>Voc\u00ea pode aproveitar o sol e dar um bom mergulho, fazer um churrasco com os amigos, pescar e acampar. O balen\u00e1rio \u00e9 bem tranquilo e tem um ar de interior, ideal para quem busca fugir da rotina.<\/p>\t\t\t\t\t\t\t\t<\/div>\n\t\t\t\t<\/div>\n\t\t\t\t\t<\/div>\n\t\t\t\t<\/div>\n\t\t<div class=\"elementor-element elementor-element-0d852a3 e-flex e-con-boxed e-con e-child\" data-id=\"0d852a3\" data-element_type=\"container\" data-e-type=\"container\">\n\t\t\t\t\t<div class=\"e-con-inner\">\n\t\t<div class=\"elementor-element elementor-element-50a1b2b e-flex e-con-boxed e-con e-child\" data-id=\"50a1b2b\" data-element_type=\"container\" data-e-type=\"container\">\n\t\t\t\t\t<div class=\"e-con-inner\">\n\t\t\t\t<div class=\"elementor-element elementor-element-682874a e-transform elementor-widget elementor-widget-image\" data-id=\"682874a\" data-element_type=\"widget\" data-e-type=\"widget\" data-settings=\"{&quot;_transform_scale_effect&quot;:{&quot;unit&quot;:&quot;px&quot;,&quot;size&quot;:1.3999999999999999,&quot;sizes&quot;:[]},&quot;_transform_scale_effect_widescreen&quot;:{&quot;unit&quot;:&quot;px&quot;,&quot;size&quot;:&quot;&quot;,&quot;sizes&quot;:[]},&quot;_transform_scale_effect_tablet&quot;:{&quot;unit&quot;:&quot;px&quot;,&quot;size&quot;:&quot;&quot;,&quot;sizes&quot;:[]},&quot;_transform_scale_effect_mobile&quot;:{&quot;unit&quot;:&quot;px&quot;,&quot;size&quot;:&quot;&quot;,&quot;sizes&quot;:[]}}\" data-widget_type=\"image.default\">\n\t\t\t\t<div class=\"elementor-widget-container\">\n\t\t\t\t\t\t\t\t\t\t\t\t\t\t\t<img decoding=\"async\" width=\"500\" height=\"500\" src=\"https:\/\/www.destinoangradoce.com.br\/web\/wp-content\/uploads\/2024\/08\/balneario_alemoa-02-min-large.jpg\" class=\"attachment-large size-large wp-image-9657\" alt=\"\" srcset=\"https:\/\/www.destinoangradoce.com.br\/web\/wp-content\/uploads\/2024\/08\/balneario_alemoa-02-min.jpg 500w, https:\/\/www.destinoangradoce.com.br\/web\/wp-content\/uploads\/2024\/08\/balneario_alemoa-02-min-300x300.jpg 300w, https:\/\/www.destinoangradoce.com.br\/web\/wp-content\/uploads\/2024\/08\/balneario_alemoa-02-min-150x150.jpg 150w, https:\/\/www.destinoangradoce.com.br\/web\/wp-content\/uploads\/2024\/08\/balneario_alemoa-02-min-200x200.jpg 200w, https:\/\/www.destinoangradoce.com.br\/web\/wp-content\/uploads\/2024\/08\/balneario_alemoa-02-min-100x100.jpg 100w, https:\/\/www.destinoangradoce.com.br\/web\/wp-content\/uploads\/2024\/08\/balneario_alemoa-02-min-75x75.jpg 75w\" sizes=\"(max-width: 500px) 100vw, 500px\" \/>\t\t\t\t\t\t\t\t\t\t\t\t\t\t\t<\/div>\n\t\t\t\t<\/div>\n\t\t\t\t<div class=\"elementor-element elementor-element-8676e8f elementor-widget elementor-widget-heading\" data-id=\"8676e8f\" data-element_type=\"widget\" data-e-type=\"widget\" data-widget_type=\"heading.default\">\n\t\t\t\t<div class=\"elementor-widget-container\">\n\t\t\t\t\t<h3 class=\"elementor-heading-title elementor-size-default\">Motivos para visitar o Balne\u00e1rio Alemoa<\/h3>\t\t\t\t<\/div>\n\t\t\t\t<\/div>\n\t\t\t\t\t<\/div>\n\t\t\t\t<\/div>\n\t\t\t\t<div class=\"elementor-element elementor-element-70953a4 elementor-widget elementor-widget-text-editor\" data-id=\"70953a4\" data-element_type=\"widget\" data-e-type=\"widget\" data-widget_type=\"text-editor.default\">\n\t\t\t\t<div class=\"elementor-widget-container\">\n\t\t\t\t\t\t\t\t\t<div class=\"   list-3\">\n<ul>\n \t<li>Natureza exuberante: Um lugar lindo e tranquilo para relaxar.<\/li>\n \t<li>Diversas atividades: Voc\u00ea pode nadar, pescar, fazer trilhas e muito mais.<\/li>\n \t<li>Infraestrutura: A prainha tem churrasqueiras, banheiros e o balne\u00e1rio oferece estrutura receptiva com op\u00e7\u00f5es para se alimentar, hospedar, aluguel por temporada entre outros servi\u00e7os.<\/li>\n<\/ul>\n<\/div>\t\t\t\t\t\t\t\t<\/div>\n\t\t\t\t<\/div>\n\t\t\t\t\t<\/div>\n\t\t\t\t<\/div>\n\t\t<div class=\"elementor-element elementor-element-8062de8 e-flex e-con-boxed e-con e-child\" data-id=\"8062de8\" data-element_type=\"container\" data-e-type=\"container\">\n\t\t\t\t\t<div class=\"e-con-inner\">\n\t\t<div class=\"elementor-element elementor-element-399b757 e-flex e-con-boxed e-con e-child\" data-id=\"399b757\" data-element_type=\"container\" data-e-type=\"container\">\n\t\t\t\t\t<div class=\"e-con-inner\">\n\t\t\t\t<div class=\"elementor-element elementor-element-76d5598 elementor-widget elementor-widget-heading\" data-id=\"76d5598\" data-element_type=\"widget\" data-e-type=\"widget\" data-widget_type=\"heading.default\">\n\t\t\t\t<div class=\"elementor-widget-container\">\n\t\t\t\t\t<h3 class=\"elementor-heading-title elementor-size-default\">Um verdadeiro Para\u00edso \u00e0s margens da Represa!<\/h3>\t\t\t\t<\/div>\n\t\t\t\t<\/div>\n\t\t\t\t<div class=\"elementor-element elementor-element-ab920af e-transform elementor-widget elementor-widget-image\" data-id=\"ab920af\" data-element_type=\"widget\" data-e-type=\"widget\" data-settings=\"{&quot;_transform_scale_effect&quot;:{&quot;unit&quot;:&quot;px&quot;,&quot;size&quot;:1.2,&quot;sizes&quot;:[]},&quot;_transform_scale_effect_widescreen&quot;:{&quot;unit&quot;:&quot;px&quot;,&quot;size&quot;:&quot;&quot;,&quot;sizes&quot;:[]},&quot;_transform_scale_effect_tablet&quot;:{&quot;unit&quot;:&quot;px&quot;,&quot;size&quot;:&quot;&quot;,&quot;sizes&quot;:[]},&quot;_transform_scale_effect_mobile&quot;:{&quot;unit&quot;:&quot;px&quot;,&quot;size&quot;:&quot;&quot;,&quot;sizes&quot;:[]}}\" data-widget_type=\"image.default\">\n\t\t\t\t<div class=\"elementor-widget-container\">\n\t\t\t\t\t\t\t\t\t\t\t\t\t\t\t<img decoding=\"async\" width=\"500\" height=\"499\" src=\"https:\/\/www.destinoangradoce.com.br\/web\/wp-content\/uploads\/2024\/08\/balneario_alemoa-03-min.jpg\" class=\"attachment-full size-full wp-image-9659\" alt=\"\" srcset=\"https:\/\/www.destinoangradoce.com.br\/web\/wp-content\/uploads\/2024\/08\/balneario_alemoa-03-min.jpg 500w, https:\/\/www.destinoangradoce.com.br\/web\/wp-content\/uploads\/2024\/08\/balneario_alemoa-03-min-300x300.jpg 300w, https:\/\/www.destinoangradoce.com.br\/web\/wp-content\/uploads\/2024\/08\/balneario_alemoa-03-min-150x150.jpg 150w, https:\/\/www.destinoangradoce.com.br\/web\/wp-content\/uploads\/2024\/08\/balneario_alemoa-03-min-200x200.jpg 200w, https:\/\/www.destinoangradoce.com.br\/web\/wp-content\/uploads\/2024\/08\/balneario_alemoa-03-min-100x100.jpg 100w, https:\/\/www.destinoangradoce.com.br\/web\/wp-content\/uploads\/2024\/08\/balneario_alemoa-03-min-75x75.jpg 75w\" sizes=\"(max-width: 500px) 100vw, 500px\" \/>\t\t\t\t\t\t\t\t\t\t\t\t\t\t\t<\/div>\n\t\t\t\t<\/div>\n\t\t\t\t\t<\/div>\n\t\t\t\t<\/div>\n\t\t\t\t<div class=\"elementor-element elementor-element-f46454f elementor-widget elementor-widget-text-editor\" data-id=\"f46454f\" data-element_type=\"widget\" data-e-type=\"widget\" data-widget_type=\"text-editor.default\">\n\t\t\t\t<div class=\"elementor-widget-container\">\n\t\t\t\t\t\t\t\t\t<p>A prainha do Balne\u00e1rio Alemoa \u00e9 um verdadeiro para\u00edso para quem busca contato com a natureza. Se voc\u00ea est\u00e1 procurando um lugar para descansar e se divertir, essa \u00e9 a op\u00e7\u00e3o perfeita!<\/p>\t\t\t\t\t\t\t\t<\/div>\n\t\t\t\t<\/div>\n\t\t\t\t\t<\/div>\n\t\t\t\t<\/div>\n\t\t<div class=\"elementor-element elementor-element-7fbe8e0 e-flex e-con-boxed e-con e-child\" data-id=\"7fbe8e0\" data-element_type=\"container\" data-e-type=\"container\">\n\t\t\t\t\t<div class=\"e-con-inner\">\n\t\t\t\t<div class=\"elementor-element elementor-element-b41dccc elementor-widget elementor-widget-heading\" data-id=\"b41dccc\" data-element_type=\"widget\" data-e-type=\"widget\" data-widget_type=\"heading.default\">\n\t\t\t\t<div class=\"elementor-widget-container\">\n\t\t\t\t\t<h3 class=\"elementor-heading-title elementor-size-default\">Venha conhecer a Prainha do Balne\u00e1rio Alemoa em Siqueira Campos.<\/h3>\t\t\t\t<\/div>\n\t\t\t\t<\/div>\n\t\t\t\t<div class=\"elementor-element elementor-element-7d38495 elementor-widget elementor-widget-text-editor\" data-id=\"7d38495\" data-element_type=\"widget\" data-e-type=\"widget\" data-widget_type=\"text-editor.default\">\n\t\t\t\t<div class=\"elementor-widget-container\">\n\t\t\t\t\t\t\t\t\t<p>Agradecimento: Turismo de Siqueira Campos<\/p>\t\t\t\t\t\t\t\t<\/div>\n\t\t\t\t<\/div>\n\t\t\t\t\t<\/div>\n\t\t\t\t<\/div>\n\t\t\t\t\t<\/div>\n\t\t\t\t<\/div>\n\t\t\t\t<\/div>\n\t\t","protected":false},"excerpt":{"rendered":"<p>O Balne\u00e1rio Alemoa, na cidade de Siqueira Campos, \u00e9 um lugar incr\u00edvel para quem gosta de natureza. A prainha com uma \u00e1gua bem limpinha e uma paisagem linda, \u00e9 perfeita para relaxar e se divertir. Ideal para quem busca fugir da rotina. Voc\u00ea pode aproveitar o sol e dar um bom mergulho, fazer um churrasco [&hellip;]<\/p>\n","protected":false},"author":1,"featured_media":9669,"comment_status":"closed","ping_status":"closed","sticky":false,"template":"","format":"standard","meta":{"footnotes":""},"categories":[85],"tags":[],"class_list":["post-9654","post","type-post","status-publish","format-standard","has-post-thumbnail","hentry","category-atrativos"],"yoast_head":"<!-- This site is optimized with the Yoast SEO plugin v27.4 - https:\/\/yoast.com\/product\/yoast-seo-wordpress\/ -->\n<title>- Destino Angradoce<\/title>\n<meta name=\"description\" content=\"A prainha do Balne\u00e1rio Alemoa, um verdadeiro para\u00edso, \u00e9 a op\u00e7\u00e3o perfeita para quem busca contato com a natureza\" \/>\n<meta name=\"robots\" content=\"index, follow, max-snippet:-1, max-image-preview:large, max-video-preview:-1\" \/>\n<link rel=\"canonical\" href=\"https:\/\/www.destinoangradoce.com.br\/web\/prainha-do-balneario-alemoa-e-um-paraiso-no-coracao-do-angra-doce\/\" \/>\n<meta property=\"og:locale\" content=\"pt_BR\" \/>\n<meta property=\"og:type\" content=\"article\" \/>\n<meta property=\"og:title\" content=\"- Destino Angradoce\" \/>\n<meta property=\"og:description\" content=\"A prainha do Balne\u00e1rio Alemoa, um verdadeiro para\u00edso, \u00e9 a op\u00e7\u00e3o perfeita para quem busca contato com a natureza\" \/>\n<meta property=\"og:url\" content=\"https:\/\/www.destinoangradoce.com.br\/web\/prainha-do-balneario-alemoa-e-um-paraiso-no-coracao-do-angra-doce\/\" \/>\n<meta property=\"og:site_name\" content=\"Destino Angradoce\" \/>\n<meta property=\"article:published_time\" content=\"2024-08-26T13:00:00+00:00\" \/>\n<meta property=\"article:modified_time\" content=\"2024-09-17T13:09:01+00:00\" \/>\n<meta property=\"og:image\" content=\"https:\/\/www.destinoangradoce.com.br\/web\/wp-content\/uploads\/2024\/08\/balneario_alemoa-capa-min.jpg\" \/>\n\t<meta property=\"og:image:width\" content=\"1228\" \/>\n\t<meta property=\"og:image:height\" content=\"690\" \/>\n\t<meta property=\"og:image:type\" content=\"image\/jpeg\" \/>\n<meta name=\"author\" content=\"Destino Angradoce\" \/>\n<meta name=\"twitter:card\" content=\"summary_large_image\" \/>\n<meta name=\"twitter:label1\" content=\"Escrito por\" \/>\n\t<meta name=\"twitter:data1\" content=\"Destino Angradoce\" \/>\n\t<meta name=\"twitter:label2\" content=\"Est. tempo de leitura\" \/>\n\t<meta name=\"twitter:data2\" content=\"2 minutos\" \/>\n<script type=\"application\/ld+json\" class=\"yoast-schema-graph\">{\"@context\":\"https:\\\/\\\/schema.org\",\"@graph\":[{\"@type\":\"Article\",\"@id\":\"https:\\\/\\\/www.destinoangradoce.com.br\\\/web\\\/prainha-do-balneario-alemoa-e-um-paraiso-no-coracao-do-angra-doce\\\/#article\",\"isPartOf\":{\"@id\":\"https:\\\/\\\/www.destinoangradoce.com.br\\\/web\\\/prainha-do-balneario-alemoa-e-um-paraiso-no-coracao-do-angra-doce\\\/\"},\"author\":{\"name\":\"Destino Angradoce\",\"@id\":\"https:\\\/\\\/www.destinoangradoce.com.br\\\/web\\\/#\\\/schema\\\/person\\\/2cf13edd30963eba179200cb3150451e\"},\"headline\":\"Prainha do Balne\u00e1rio Alemoa \u00e9 um Para\u00edso no cora\u00e7\u00e3o do Angra Doce\",\"datePublished\":\"2024-08-26T13:00:00+00:00\",\"dateModified\":\"2024-09-17T13:09:01+00:00\",\"mainEntityOfPage\":{\"@id\":\"https:\\\/\\\/www.destinoangradoce.com.br\\\/web\\\/prainha-do-balneario-alemoa-e-um-paraiso-no-coracao-do-angra-doce\\\/\"},\"wordCount\":208,\"publisher\":{\"@id\":\"https:\\\/\\\/www.destinoangradoce.com.br\\\/web\\\/#organization\"},\"image\":{\"@id\":\"https:\\\/\\\/www.destinoangradoce.com.br\\\/web\\\/prainha-do-balneario-alemoa-e-um-paraiso-no-coracao-do-angra-doce\\\/#primaryimage\"},\"thumbnailUrl\":\"https:\\\/\\\/www.destinoangradoce.com.br\\\/web\\\/wp-content\\\/uploads\\\/2024\\\/08\\\/balneario_alemoa-capa-min.jpg\",\"articleSection\":[\"Atrativos\"],\"inLanguage\":\"pt-BR\"},{\"@type\":\"WebPage\",\"@id\":\"https:\\\/\\\/www.destinoangradoce.com.br\\\/web\\\/prainha-do-balneario-alemoa-e-um-paraiso-no-coracao-do-angra-doce\\\/\",\"url\":\"https:\\\/\\\/www.destinoangradoce.com.br\\\/web\\\/prainha-do-balneario-alemoa-e-um-paraiso-no-coracao-do-angra-doce\\\/\",\"name\":\"- Destino Angradoce\",\"isPartOf\":{\"@id\":\"https:\\\/\\\/www.destinoangradoce.com.br\\\/web\\\/#website\"},\"primaryImageOfPage\":{\"@id\":\"https:\\\/\\\/www.destinoangradoce.com.br\\\/web\\\/prainha-do-balneario-alemoa-e-um-paraiso-no-coracao-do-angra-doce\\\/#primaryimage\"},\"image\":{\"@id\":\"https:\\\/\\\/www.destinoangradoce.com.br\\\/web\\\/prainha-do-balneario-alemoa-e-um-paraiso-no-coracao-do-angra-doce\\\/#primaryimage\"},\"thumbnailUrl\":\"https:\\\/\\\/www.destinoangradoce.com.br\\\/web\\\/wp-content\\\/uploads\\\/2024\\\/08\\\/balneario_alemoa-capa-min.jpg\",\"datePublished\":\"2024-08-26T13:00:00+00:00\",\"dateModified\":\"2024-09-17T13:09:01+00:00\",\"description\":\"A prainha do Balne\u00e1rio Alemoa, um verdadeiro para\u00edso, \u00e9 a op\u00e7\u00e3o perfeita para quem busca contato com a natureza\",\"breadcrumb\":{\"@id\":\"https:\\\/\\\/www.destinoangradoce.com.br\\\/web\\\/prainha-do-balneario-alemoa-e-um-paraiso-no-coracao-do-angra-doce\\\/#breadcrumb\"},\"inLanguage\":\"pt-BR\",\"potentialAction\":[{\"@type\":\"ReadAction\",\"target\":[\"https:\\\/\\\/www.destinoangradoce.com.br\\\/web\\\/prainha-do-balneario-alemoa-e-um-paraiso-no-coracao-do-angra-doce\\\/\"]}]},{\"@type\":\"ImageObject\",\"inLanguage\":\"pt-BR\",\"@id\":\"https:\\\/\\\/www.destinoangradoce.com.br\\\/web\\\/prainha-do-balneario-alemoa-e-um-paraiso-no-coracao-do-angra-doce\\\/#primaryimage\",\"url\":\"https:\\\/\\\/www.destinoangradoce.com.br\\\/web\\\/wp-content\\\/uploads\\\/2024\\\/08\\\/balneario_alemoa-capa-min.jpg\",\"contentUrl\":\"https:\\\/\\\/www.destinoangradoce.com.br\\\/web\\\/wp-content\\\/uploads\\\/2024\\\/08\\\/balneario_alemoa-capa-min.jpg\",\"width\":1228,\"height\":690},{\"@type\":\"BreadcrumbList\",\"@id\":\"https:\\\/\\\/www.destinoangradoce.com.br\\\/web\\\/prainha-do-balneario-alemoa-e-um-paraiso-no-coracao-do-angra-doce\\\/#breadcrumb\",\"itemListElement\":[{\"@type\":\"ListItem\",\"position\":1,\"name\":\"In\u00edcio\",\"item\":\"https:\\\/\\\/www.destinoangradoce.com.br\\\/web\\\/\"},{\"@type\":\"ListItem\",\"position\":2,\"name\":\"Prainha do Balne\u00e1rio Alemoa \u00e9 um Para\u00edso no cora\u00e7\u00e3o do Angra Doce\"}]},{\"@type\":\"WebSite\",\"@id\":\"https:\\\/\\\/www.destinoangradoce.com.br\\\/web\\\/#website\",\"url\":\"https:\\\/\\\/www.destinoangradoce.com.br\\\/web\\\/\",\"name\":\"Destino Angradoce\",\"description\":\"Guia de Viagens e Neg\u00f3cios da regi\u00e3o Angra Doce\",\"publisher\":{\"@id\":\"https:\\\/\\\/www.destinoangradoce.com.br\\\/web\\\/#organization\"},\"potentialAction\":[{\"@type\":\"SearchAction\",\"target\":{\"@type\":\"EntryPoint\",\"urlTemplate\":\"https:\\\/\\\/www.destinoangradoce.com.br\\\/web\\\/?s={search_term_string}\"},\"query-input\":{\"@type\":\"PropertyValueSpecification\",\"valueRequired\":true,\"valueName\":\"search_term_string\"}}],\"inLanguage\":\"pt-BR\"},{\"@type\":\"Organization\",\"@id\":\"https:\\\/\\\/www.destinoangradoce.com.br\\\/web\\\/#organization\",\"name\":\"Destino Angradoce\",\"url\":\"https:\\\/\\\/www.destinoangradoce.com.br\\\/web\\\/\",\"logo\":{\"@type\":\"ImageObject\",\"inLanguage\":\"pt-BR\",\"@id\":\"https:\\\/\\\/www.destinoangradoce.com.br\\\/web\\\/#\\\/schema\\\/logo\\\/image\\\/\",\"url\":\"\",\"contentUrl\":\"\",\"caption\":\"Destino Angradoce\"},\"image\":{\"@id\":\"https:\\\/\\\/www.destinoangradoce.com.br\\\/web\\\/#\\\/schema\\\/logo\\\/image\\\/\"},\"sameAs\":[\"https:\\\/\\\/www.instagram.com\\\/destinoangradoce\"]},{\"@type\":\"Person\",\"@id\":\"https:\\\/\\\/www.destinoangradoce.com.br\\\/web\\\/#\\\/schema\\\/person\\\/2cf13edd30963eba179200cb3150451e\",\"name\":\"Destino Angradoce\",\"image\":{\"@type\":\"ImageObject\",\"inLanguage\":\"pt-BR\",\"@id\":\"https:\\\/\\\/www.destinoangradoce.com.br\\\/web\\\/wp-content\\\/uploads\\\/2023\\\/10\\\/cropped-icone_512-150x150.png\",\"url\":\"https:\\\/\\\/www.destinoangradoce.com.br\\\/web\\\/wp-content\\\/uploads\\\/2023\\\/10\\\/cropped-icone_512-150x150.png\",\"contentUrl\":\"https:\\\/\\\/www.destinoangradoce.com.br\\\/web\\\/wp-content\\\/uploads\\\/2023\\\/10\\\/cropped-icone_512-150x150.png\",\"caption\":\"Destino Angradoce\"},\"sameAs\":[\"https:\\\/\\\/www.destinoangradoce.com.br\"],\"url\":\"https:\\\/\\\/www.destinoangradoce.com.br\\\/web\\\/author\\\/destino-angradoce\\\/\"}]}<\/script>\n<!-- \/ Yoast SEO plugin. -->","yoast_head_json":{"title":"- Destino Angradoce","description":"A prainha do Balne\u00e1rio Alemoa, um verdadeiro para\u00edso, \u00e9 a op\u00e7\u00e3o perfeita para quem busca contato com a natureza","robots":{"index":"index","follow":"follow","max-snippet":"max-snippet:-1","max-image-preview":"max-image-preview:large","max-video-preview":"max-video-preview:-1"},"canonical":"https:\/\/www.destinoangradoce.com.br\/web\/prainha-do-balneario-alemoa-e-um-paraiso-no-coracao-do-angra-doce\/","og_locale":"pt_BR","og_type":"article","og_title":"- Destino Angradoce","og_description":"A prainha do Balne\u00e1rio Alemoa, um verdadeiro para\u00edso, \u00e9 a op\u00e7\u00e3o perfeita para quem busca contato com a natureza","og_url":"https:\/\/www.destinoangradoce.com.br\/web\/prainha-do-balneario-alemoa-e-um-paraiso-no-coracao-do-angra-doce\/","og_site_name":"Destino Angradoce","article_published_time":"2024-08-26T13:00:00+00:00","article_modified_time":"2024-09-17T13:09:01+00:00","og_image":[{"width":1228,"height":690,"url":"https:\/\/www.destinoangradoce.com.br\/web\/wp-content\/uploads\/2024\/08\/balneario_alemoa-capa-min.jpg","type":"image\/jpeg"}],"author":"Destino Angradoce","twitter_card":"summary_large_image","twitter_misc":{"Escrito por":"Destino Angradoce","Est. tempo de leitura":"2 minutos"},"schema":{"@context":"https:\/\/schema.org","@graph":[{"@type":"Article","@id":"https:\/\/www.destinoangradoce.com.br\/web\/prainha-do-balneario-alemoa-e-um-paraiso-no-coracao-do-angra-doce\/#article","isPartOf":{"@id":"https:\/\/www.destinoangradoce.com.br\/web\/prainha-do-balneario-alemoa-e-um-paraiso-no-coracao-do-angra-doce\/"},"author":{"name":"Destino Angradoce","@id":"https:\/\/www.destinoangradoce.com.br\/web\/#\/schema\/person\/2cf13edd30963eba179200cb3150451e"},"headline":"Prainha do Balne\u00e1rio Alemoa \u00e9 um Para\u00edso no cora\u00e7\u00e3o do Angra Doce","datePublished":"2024-08-26T13:00:00+00:00","dateModified":"2024-09-17T13:09:01+00:00","mainEntityOfPage":{"@id":"https:\/\/www.destinoangradoce.com.br\/web\/prainha-do-balneario-alemoa-e-um-paraiso-no-coracao-do-angra-doce\/"},"wordCount":208,"publisher":{"@id":"https:\/\/www.destinoangradoce.com.br\/web\/#organization"},"image":{"@id":"https:\/\/www.destinoangradoce.com.br\/web\/prainha-do-balneario-alemoa-e-um-paraiso-no-coracao-do-angra-doce\/#primaryimage"},"thumbnailUrl":"https:\/\/www.destinoangradoce.com.br\/web\/wp-content\/uploads\/2024\/08\/balneario_alemoa-capa-min.jpg","articleSection":["Atrativos"],"inLanguage":"pt-BR"},{"@type":"WebPage","@id":"https:\/\/www.destinoangradoce.com.br\/web\/prainha-do-balneario-alemoa-e-um-paraiso-no-coracao-do-angra-doce\/","url":"https:\/\/www.destinoangradoce.com.br\/web\/prainha-do-balneario-alemoa-e-um-paraiso-no-coracao-do-angra-doce\/","name":"- Destino Angradoce","isPartOf":{"@id":"https:\/\/www.destinoangradoce.com.br\/web\/#website"},"primaryImageOfPage":{"@id":"https:\/\/www.destinoangradoce.com.br\/web\/prainha-do-balneario-alemoa-e-um-paraiso-no-coracao-do-angra-doce\/#primaryimage"},"image":{"@id":"https:\/\/www.destinoangradoce.com.br\/web\/prainha-do-balneario-alemoa-e-um-paraiso-no-coracao-do-angra-doce\/#primaryimage"},"thumbnailUrl":"https:\/\/www.destinoangradoce.com.br\/web\/wp-content\/uploads\/2024\/08\/balneario_alemoa-capa-min.jpg","datePublished":"2024-08-26T13:00:00+00:00","dateModified":"2024-09-17T13:09:01+00:00","description":"A prainha do Balne\u00e1rio Alemoa, um verdadeiro para\u00edso, \u00e9 a op\u00e7\u00e3o perfeita para quem busca contato com a natureza","breadcrumb":{"@id":"https:\/\/www.destinoangradoce.com.br\/web\/prainha-do-balneario-alemoa-e-um-paraiso-no-coracao-do-angra-doce\/#breadcrumb"},"inLanguage":"pt-BR","potentialAction":[{"@type":"ReadAction","target":["https:\/\/www.destinoangradoce.com.br\/web\/prainha-do-balneario-alemoa-e-um-paraiso-no-coracao-do-angra-doce\/"]}]},{"@type":"ImageObject","inLanguage":"pt-BR","@id":"https:\/\/www.destinoangradoce.com.br\/web\/prainha-do-balneario-alemoa-e-um-paraiso-no-coracao-do-angra-doce\/#primaryimage","url":"https:\/\/www.destinoangradoce.com.br\/web\/wp-content\/uploads\/2024\/08\/balneario_alemoa-capa-min.jpg","contentUrl":"https:\/\/www.destinoangradoce.com.br\/web\/wp-content\/uploads\/2024\/08\/balneario_alemoa-capa-min.jpg","width":1228,"height":690},{"@type":"BreadcrumbList","@id":"https:\/\/www.destinoangradoce.com.br\/web\/prainha-do-balneario-alemoa-e-um-paraiso-no-coracao-do-angra-doce\/#breadcrumb","itemListElement":[{"@type":"ListItem","position":1,"name":"In\u00edcio","item":"https:\/\/www.destinoangradoce.com.br\/web\/"},{"@type":"ListItem","position":2,"name":"Prainha do Balne\u00e1rio Alemoa \u00e9 um Para\u00edso no cora\u00e7\u00e3o do Angra Doce"}]},{"@type":"WebSite","@id":"https:\/\/www.destinoangradoce.com.br\/web\/#website","url":"https:\/\/www.destinoangradoce.com.br\/web\/","name":"Destino Angradoce","description":"Guia de Viagens e Neg\u00f3cios da regi\u00e3o Angra Doce","publisher":{"@id":"https:\/\/www.destinoangradoce.com.br\/web\/#organization"},"potentialAction":[{"@type":"SearchAction","target":{"@type":"EntryPoint","urlTemplate":"https:\/\/www.destinoangradoce.com.br\/web\/?s={search_term_string}"},"query-input":{"@type":"PropertyValueSpecification","valueRequired":true,"valueName":"search_term_string"}}],"inLanguage":"pt-BR"},{"@type":"Organization","@id":"https:\/\/www.destinoangradoce.com.br\/web\/#organization","name":"Destino Angradoce","url":"https:\/\/www.destinoangradoce.com.br\/web\/","logo":{"@type":"ImageObject","inLanguage":"pt-BR","@id":"https:\/\/www.destinoangradoce.com.br\/web\/#\/schema\/logo\/image\/","url":"","contentUrl":"","caption":"Destino Angradoce"},"image":{"@id":"https:\/\/www.destinoangradoce.com.br\/web\/#\/schema\/logo\/image\/"},"sameAs":["https:\/\/www.instagram.com\/destinoangradoce"]},{"@type":"Person","@id":"https:\/\/www.destinoangradoce.com.br\/web\/#\/schema\/person\/2cf13edd30963eba179200cb3150451e","name":"Destino Angradoce","image":{"@type":"ImageObject","inLanguage":"pt-BR","@id":"https:\/\/www.destinoangradoce.com.br\/web\/wp-content\/uploads\/2023\/10\/cropped-icone_512-150x150.png","url":"https:\/\/www.destinoangradoce.com.br\/web\/wp-content\/uploads\/2023\/10\/cropped-icone_512-150x150.png","contentUrl":"https:\/\/www.destinoangradoce.com.br\/web\/wp-content\/uploads\/2023\/10\/cropped-icone_512-150x150.png","caption":"Destino Angradoce"},"sameAs":["https:\/\/www.destinoangradoce.com.br"],"url":"https:\/\/www.destinoangradoce.com.br\/web\/author\/destino-angradoce\/"}]}},"_links":{"self":[{"href":"https:\/\/www.destinoangradoce.com.br\/web\/wp-json\/wp\/v2\/posts\/9654","targetHints":{"allow":["GET"]}}],"collection":[{"href":"https:\/\/www.destinoangradoce.com.br\/web\/wp-json\/wp\/v2\/posts"}],"about":[{"href":"https:\/\/www.destinoangradoce.com.br\/web\/wp-json\/wp\/v2\/types\/post"}],"author":[{"embeddable":true,"href":"https:\/\/www.destinoangradoce.com.br\/web\/wp-json\/wp\/v2\/users\/1"}],"replies":[{"embeddable":true,"href":"https:\/\/www.destinoangradoce.com.br\/web\/wp-json\/wp\/v2\/comments?post=9654"}],"version-history":[{"count":2,"href":"https:\/\/www.destinoangradoce.com.br\/web\/wp-json\/wp\/v2\/posts\/9654\/revisions"}],"predecessor-version":[{"id":9691,"href":"https:\/\/www.destinoangradoce.com.br\/web\/wp-json\/wp\/v2\/posts\/9654\/revisions\/9691"}],"wp:featuredmedia":[{"embeddable":true,"href":"https:\/\/www.destinoangradoce.com.br\/web\/wp-json\/wp\/v2\/media\/9669"}],"wp:attachment":[{"href":"https:\/\/www.destinoangradoce.com.br\/web\/wp-json\/wp\/v2\/media?parent=9654"}],"wp:term":[{"taxonomy":"category","embeddable":true,"href":"https:\/\/www.destinoangradoce.com.br\/web\/wp-json\/wp\/v2\/categories?post=9654"},{"taxonomy":"post_tag","embeddable":true,"href":"https:\/\/www.destinoangradoce.com.br\/web\/wp-json\/wp\/v2\/tags?post=9654"}],"curies":[{"name":"wp","href":"https:\/\/api.w.org\/{rel}","templated":true}]}}