{"id":55,"name":"Associa\u00e7\u00e3o Comercial e Industrial de Fartura","url":"https:\/\/www.aciffartura.com.br","description":"A ACIF \u2013 Associa\u00e7\u00e3o Comercial e Industrial de Fartura foi fundada no m\u00eas de dezembro de 1981 por comerciantes locais com a finalidade de gerenciar os interesses da classe no Munic\u00edpio.","link":"https:\/\/www.destinoangradoce.com.br\/web\/author\/acif\/","slug":"acif","avatar_urls":{"24":"https:\/\/www.destinoangradoce.com.br\/web\/wp-content\/uploads\/2024\/11\/logo-acif-qd-75x75.png","48":"https:\/\/www.destinoangradoce.com.br\/web\/wp-content\/uploads\/2024\/11\/logo-acif-qd-75x75.png","96":"https:\/\/www.destinoangradoce.com.br\/web\/wp-content\/uploads\/2024\/11\/logo-acif-qd-100x100.png"},"meta":[],"yoast_head":null,"yoast_head_json":null,"is_super_admin":false,"woocommerce_meta":{"variable_product_tour_shown":"","activity_panel_inbox_last_read":"","activity_panel_reviews_last_read":"","categories_report_columns":"","coupons_report_columns":"","customers_report_columns":"","orders_report_columns":"","products_report_columns":"","revenue_report_columns":"","taxes_report_columns":"","variations_report_columns":"","dashboard_sections":"","dashboard_chart_type":"","dashboard_chart_interval":"","dashboard_leaderboard_rows":"","order_attribution_install_banner_dismissed":"","scheduled_updates_promotion_notice_dismissed":"","homepage_layout":"","homepage_stats":"","task_list_tracked_started_tasks":"","android_app_banner_dismissed":"","launch_your_store_tour_hidden":"","coming_soon_banner_dismissed":""},"elementor_introduction":"","_links":{"self":[{"href":"https:\/\/www.destinoangradoce.com.br\/web\/wp-json\/wp\/v2\/users\/55","targetHints":{"allow":["GET"]}}],"collection":[{"href":"https:\/\/www.destinoangradoce.com.br\/web\/wp-json\/wp\/v2\/users"}]}}